{"id":9373,"date":"2023-01-04T14:26:50","date_gmt":"2023-01-04T11:26:50","guid":{"rendered":"https:\/\/svenskateatern.fi\/?p=9373"},"modified":"2024-08-06T19:07:46","modified_gmt":"2024-08-06T16:07:46","slug":"ylva-ja-asko-elinikaisesta-rakkaudesta-ja-rooleistaan-naytelmassa-innan-avfard","status":"publish","type":"post","link":"https:\/\/svenskateatern.fi\/fi\/ylva-ja-asko-elinikaisesta-rakkaudesta-ja-rooleistaan-naytelmassa-innan-avfard\/","title":{"rendered":"Ylva ja Asko elinik\u00e4isest\u00e4 rakkaudesta ja rooleistaan n\u00e4ytelm\u00e4ss\u00e4 Innan avf\u00e4rd"},"content":{"rendered":"<section id=\"block_5cf8fa2d94963487bccae57e25ca9382_69f3bd0b82446\" class=\"block block-content-wrapper container-fluid bg-white container-fluid\">\n\t<div class=\"container\n\t\t\tshow-all\"\n\t\t>\n\t\t<div class=\"row\">\n\t\t\t<div class=\"col-12 col-lg-8 offset-lg-2 col-hd-6 offset-hd-3\">\n\t\t\t\t<main class=\"entry-content\">\n\t\t\t\t\t\n\n<p class=\"is-style-lead\">Asko Sarkola ja Ylva Ekblad ovat kokeneita n\u00e4yttelij\u00f6it\u00e4, joiden pitk\u00e4ll\u00e4 uralla ensimm\u00e4inen yhteinen produktio tuli vastaan vasta nyt. N\u00e4ytelm\u00e4 Innan avf\u00e4rd (Ennen l\u00e4ht\u00f6\u00e4) on ollut menestys sek\u00e4 Broadwaylla ett\u00e4 West Endiss\u00e4. Se kertoo i\u00e4kk\u00e4\u00e4st\u00e4 pariskunnasta, jonka el\u00e4m\u00e4n mittaista rakkauttaan kuvataan kauniisti ja moniulotteisesti. Keskustelimme Askon ja Ylvan kanssa heid\u00e4n rooleistaan, samaistumisesta n\u00e4ytelm\u00e4n hahmoihin sek\u00e4 siit\u00e4, mit\u00e4 on olla n\u00e4yttelij\u00e4.<\/p>\n\n\n\n<p class=\"is-style-lead\">&nbsp;&nbsp;<\/p>\n\n\n\n<figure class=\"wp-block-embed is-type-video is-provider-youtube wp-block-embed-youtube wp-embed-aspect-16-9 wp-has-aspect-ratio\"><div class=\"wp-block-embed__wrapper\">\n<div class=\"oembed oembed-youtube\">  <div class='consent-placeholder cookieconsent-optout-marketing' onclick='Cookiebot.renew()'>  <img src='https:\/\/i.ytimg.com\/vi\/Yn3UZRoSI9U\/hqdefault.jpg' alt=''>  <div class='text-and-button'>  <p class='consent-text'><\/p>  <button type='button' class='wp-block-button__link'><\/button>  <\/div>  <\/div><iframe title=\"Intervju med sk\u00e5despelarna Asko Sarkola och Ylva Ekblad - &quot;Vi leker f\u00f6r att f\u00f6rst\u00e5 verkligheten.&quot;\" width=\"840\" height=\"473\" data-cookieblock-src=\"https:\/\/www.youtube.com\/embed\/Yn3UZRoSI9U?feature=oembed&#038;autoplay=1&#038;mute=1\" data-cookieconsent=\"marketing\" frameborder=\"0\" allow=\"accelerometer; autoplay; clipboard-write; encrypted-media; gyroscope; picture-in-picture; web-share\" referrerpolicy=\"strict-origin-when-cross-origin\" allowfullscreen><\/iframe><\/div>\n<\/div><figcaption class=\"wp-element-caption\">DOKUMENT\u00c4RVIDEO. Ylva Ekblad och Asko Sarkola intervjuas inf\u00f6r premi\u00e4ren p\u00e5 Innan avf\u00e4rd. <\/figcaption><\/figure>\n\n\n\n<p>&#8211; Oli jo aikakin, ett\u00e4 saamme tehd\u00e4 t\u00f6it\u00e4 yhdess\u00e4, Ylva toteaa.<\/p>\n\n\n\n<p>&#8211; Ylvan kanssa on turvallinen olo. Roolihahmoni ei halua koskaan<br>p\u00e4\u00e4st\u00e4\u00e4 irti h\u00e4nest\u00e4. Se on yksi n\u00e4ytelm\u00e4n teemoista, Asko sanoo.<\/p>\n\n\n\n<p>&#8211; N\u00e4ytelm\u00e4ss\u00e4 on mielenkiintoinen tematiikka rakkaudesta, ik\u00e4\u00e4ntymisest\u00e4 ja el\u00e4m\u00e4nlangan l\u00f6yt\u00e4misest\u00e4 sen j\u00e4lkeen, kun on menett\u00e4nyt kumppaninsa. Se on hyvin k\u00e4sinkirjoitettu, Ylva lis\u00e4\u00e4.<\/p>\n\n\n\n<h2 class=\"wp-block-heading\">Tunnistatteko itsenne roolihahmoistanne?<\/h2>\n\n\n\n<p>&#8211; Minulla ei ole muistisairautta kuten n\u00e4ytelm\u00e4n Andr\u00e9lla, mutta kyse on siit\u00e4, ett\u00e4 onnistuu l\u00f6yt\u00e4m\u00e4\u00e4n samaistumisen kohtia, jotta ymm\u00e4rt\u00e4\u00e4 hahmoaan, Asko sanoo.<\/p>\n\n\n\n<p>&#8211; Ajattelen roolity\u00f6t\u00e4 usein siten, ett\u00e4 minussa on kurkistusluukkuja itseeni ja jokaisessa uudessa tuotannossa avaan uuden luukun. Haluan jokaisessa roolissani v\u00e4litt\u00e4\u00e4 jotain uutta, kuitenkin niin, ett\u00e4 se tulee minusta itsest\u00e4ni. En halua koskaan tuntea oloani liian mukavaksi, Ylva kertoo.<\/p>\n\n\n\n<h2 class=\"wp-block-heading\">Onko ammatissanne jotain, mik\u00e4 aina toistuu?<\/h2>\n\n\n\n<p>&#8211; Jokainen kerta on hauras, se on aina yht\u00e4 j\u00e4nnitt\u00e4v\u00e4\u00e4 ja el\u00e4v\u00e4ist\u00e4. Pid\u00e4n huolta, ett\u00e4 n\u00e4in on ja pysyy. Jos t\u00e4m\u00e4 tunne katoaa, voi lopettaa, Ylva sanoo.<\/p>\n\n\n\n<p>&#8211; Yksi asia, joka aina tuntuu samalta, on ensimm\u00e4inen kohtaaminen yleis\u00f6n kanssa, Asko lis\u00e4\u00e4.<\/p>\n\n\n\n<p>Ylva jatkaa:<\/p>\n\n\n\n<p>&#8211; Samankin esityksen vastaanotto voi yhten\u00e4 iltana olla fantastinen ja toisena muunlainen. Emme voi ruveta improvisoimaan, meid\u00e4n t\u00e4ytyy pysy\u00e4 selkeiss\u00e4 raameissa. Niiden puitteissa voi olla vaikka kuinka vapautunut. On my\u00f6s uskallettava tuntea pelkoa ja asettaa itsens\u00e4 naurunalaiseksi.<\/p>\n\n\n\n<p>&#8211; Tyylitaju t\u00e4ytyy s\u00e4ilytt\u00e4\u00e4. Sek\u00e4 ty\u00f6ryhm\u00e4n ett\u00e4 yleis\u00f6n kanssa on yhteinen sopimus siit\u00e4, miss\u00e4 puitteissa ty\u00f6t\u00e4 tehd\u00e4\u00e4n, Asko painottaa.<\/p>\n\n\n\n<h2 class=\"wp-block-heading\">Onko ik\u00e4\u00e4ntyminen n\u00e4yttelij\u00e4lle voimavara?<\/h2>\n\n\n\n<p>&#8211; On harvoja ammatteja, joita voi tehd\u00e4 miten kauan tahansa, kunhan muisti pelaa, Asko hym\u00e4ht\u00e4\u00e4.<\/p>\n\n\n\n<p>&#8211; Minusta ik\u00e4\u00e4ntyminen on upeaa niin kauan kuin saa olla terve. On surullista, ett\u00e4 ik\u00e4\u00e4ntyneit\u00e4 ei yhteiskunnassamme arvosteta enemm\u00e4n ja ett\u00e4 heit\u00e4 ei palkata useammin. Mit\u00e4 pidemp\u00e4\u00e4n el\u00e4mme, sit\u00e4 enemm\u00e4n joukossamme on eri ik\u00e4isi\u00e4 ihmisi\u00e4. Reppuumme kertyy lis\u00e4\u00e4 ja lis\u00e4\u00e4 kokemusta. On hienoa voida hy\u00f6dynt\u00e4\u00e4 sit\u00e4, Ylva pohtii.<\/p>\n\n\n\n<p>&#8211; Suomenruotsalaisten keskuudessa ei ole kovin montaa vanhemman polven n\u00e4yttelij\u00e4\u00e4, jotka ovat esill\u00e4. Sit\u00e4 kaipaisin. Siksi on hienoa n\u00e4ytell\u00e4 Askon kanssa, sill\u00e4 h\u00e4n on v\u00e4h\u00e4n vanhempi ja h\u00e4nell\u00e4 on repussaan enemm\u00e4n kuin minulla, Ylva hymyilee ja katsoo Askoa.<\/p>\n\n\n\n<h2 class=\"wp-block-heading\">Mit\u00e4 tarkoittaa elinik\u00e4inen rakkaus?<\/h2>\n\n\n\n<p>&#8211; Se on tunnetta ja luottamusta, joka syvenee\u2026turvallisuutta ja vapautta. Se on sit\u00e4, ett\u00e4 l\u00f6yt\u00e4\u00e4 ihmisen uudestaan ja uudestaan joka aamu ja kokee, ett\u00e4 on ihanaa her\u00e4t\u00e4 joka aamu h\u00e4nen kanssaan. Rakkaus n\u00e4kyy siin\u00e4, miten katsotaan toinen toista, Asko toteaa.<\/p>\n\n\n\n<p>Ylva k\u00e4\u00e4ntyy Askon puoleen ja kysyy hymyillen:<\/p>\n\n\n\n<p>&#8211; Asko, mit\u00e4 on olla n\u00e4yttelij\u00e4?<\/p>\n\n\n\n<p>&#8211; Se on lapsenmielisyyden ja leikkisyyden s\u00e4ilytt\u00e4mist\u00e4! Lapsen tavoin yrit\u00e4mme leikin avulla ymm\u00e4rt\u00e4\u00e4 todellisuutta. Ilman lapsenmielisyytt\u00e4 ei voi olla n\u00e4yttelij\u00e4.<\/p>\n\n\n\n<p>&#8211; Minusta se on upein ammatti, joka voi olla, juuri niiden luukkujen vuoksi, joita saamme avata sis\u00e4llemme. Monilla on useimmat luukut kiinni, mutta me n\u00e4yttelij\u00e4t saamme avata niit\u00e4 ja l\u00f6yt\u00e4\u00e4 itsest\u00e4mme uusia asioita. Se on kiehtovaa, Ylva jatkaa.<\/p>\n\n\n\n<figure class=\"wp-block-image size-full\"><img loading=\"lazy\" decoding=\"async\" width=\"1200\" height=\"750\" src=\"https:\/\/svenskateatern.fi\/wp-content\/uploads\/2022\/12\/Asko-Sarkola-Ylva-Ekblad-fotoChristianJakowleff.jpg\" alt=\"\" class=\"wp-image-8879\"\/><\/figure>\n\n\n\n<h2 class=\"wp-block-heading\"><strong>Mit\u00e4 toivotte, ett\u00e4 yleis\u00f6 saa?<\/strong><\/h2>\n\n\n\n<p>&#8211; Luulen kirjoittajan toivovan, ett\u00e4 meill\u00e4 olisi hieman enemm\u00e4n ymm\u00e4rryst\u00e4 n\u00e4ytelm\u00e4n henkil\u00f6ille, Asko sanoo.<\/p>\n\n\n\n<p>&#8211; T\u00e4rkeint\u00e4 on saada el\u00e4mys, jotain, mik\u00e4 on koskettanut. Ehk\u00e4 katsoja saa jonkinlaisen oivalluksen siit\u00e4, mit\u00e4 on olla ihminen, Ylva pohtii ja toteaa:<\/p>\n\n\n\n<p>&#8211; Siksi olemme t\u00e4\u00e4ll\u00e4. Tulkaa katsomaan esitys ja kokemaan se kanssamme!<\/p>\n\n\n\n<p>Esityksess\u00e4 on suomenkielinen tekstitys.<br><br>Teksti:<strong> David Lindstr\u00f6m<\/strong>. Video: <strong>Theo af Enehielm<\/strong><\/p>\n\n\n\t\t\t\t<\/main>\n\t\t\t<\/div>\n\t\t<\/div>\n\n\t\t\n\t<\/div>\n<\/section>\n\n\n\n<section class=\"block block-image-beside-content container-fluid container-fluid bg-black\">\n    <div class=\"container\">\n        <div class=\"row\">\n            <div class=\"col-12 col-md-6 image-col\">\n                <div class=\"align-items-center\">\n                                            <img decoding=\"async\" src=\"https:\/\/svenskateatern.fi\/wp-content\/uploads\/2022\/11\/innan-avfard-premiarinbjudan.jpg\" width=\"1200\" height=\"630\" alt=\"\" loading=\"lazy\">                                    <\/div>\n            <\/div>\n            <div class=\"col-12 col-md-6 text-col\">\n                <div class=\"align-items-center\">\n                    <main class=\"entry-content\">\n                        \n\n<h1 class=\"wp-block-heading\">Innan avf\u00e4rd<\/h1>\n\n\n\n<h3 class=\"wp-block-heading\">&#8211; rakkaustarina<\/h3>\n\n\n\n<div class=\"wp-block-button\"><a class=\"wp-block-button__link wp-element-button\" href=\"https:\/\/svenskateatern.fi\/fi\/ohjelmisto\/innan-avfard\/\" target=\"_blank\" rel=\"noreferrer noopener\">LUE LIS\u00c4\u00c4\/ OSTA LIPPU<\/a><\/div>\n\n\n                    <\/main>\n                <\/div>\n            <\/div>\n        <\/div>\n    <\/div>\n<\/section>\n","protected":false},"excerpt":{"rendered":"<p>Asko Sarkolan ja Ylva Ekbladin ensimm\u00e4inen yhteinen produktio Innan avf\u00e4rd on ollut<br \/>\nmenestys sek\u00e4 Broadwaylla ett\u00e4 West Endiss\u00e4. N\u00e4ytelm\u00e4 on kaunis kuvaus i\u00e4kk\u00e4\u00e4st\u00e4<br \/>\npariskunnasta ja heid\u00e4n rakkaudestaan. Haastattelussamme Ylva ja Asko pohtivat n\u00e4ytelm\u00e4n<br \/>\nteemoja ja n\u00e4yttelij\u00e4n ty\u00f6n olemusta.<\/p>\n","protected":false},"author":12,"featured_media":7754,"comment_status":"closed","ping_status":"closed","sticky":false,"template":"","format":"standard","meta":{"_acf_changed":false,"_relevanssi_hide_post":"","_relevanssi_hide_content":"","_relevanssi_pin_for_all":"","_relevanssi_pin_keywords":"","_relevanssi_unpin_keywords":"","_relevanssi_related_keywords":"","_relevanssi_related_include_ids":"","_relevanssi_related_exclude_ids":"","_relevanssi_related_no_append":"","_relevanssi_related_not_related":"","_relevanssi_related_posts":"7057,9233,620,614,6847,8390","_relevanssi_noindex_reason":"","footnotes":""},"categories":[1],"tags":[],"class_list":["post-9373","post","type-post","status-publish","format-standard","has-post-thumbnail","hentry","category-uutiset"],"acf":[],"yoast_head":"<!-- This site is optimized with the Yoast SEO plugin v27.0 - https:\/\/yoast.com\/product\/yoast-seo-wordpress\/ -->\n<title>Ylva ja Asko elinik\u00e4isest\u00e4 rakkaudesta ja rooleistaan n\u00e4ytelm\u00e4ss\u00e4 Innan avf\u00e4rd - Svenska Teatern<\/title>\n<meta name=\"description\" content=\"Asko Sarkolan ja Ylva Ekbladin ensimm\u00e4inen yhteinen produktio Innan avf\u00e4rd on ollutmenestys sek\u00e4 Broadwaylla ett\u00e4 West Endiss\u00e4. N\u00e4ytelm\u00e4 on kaunis kuvaus i\u00e4kk\u00e4\u00e4st\u00e4pariskunnasta ja heid\u00e4n rakkaudestaan. Haastattelussamme Ylva ja Asko pohtivat n\u00e4ytelm\u00e4nteemoja ja n\u00e4yttelij\u00e4n ty\u00f6n olemusta.\" \/>\n<meta name=\"robots\" content=\"index, follow, max-snippet:-1, max-image-preview:large, max-video-preview:-1\" \/>\n<link rel=\"canonical\" href=\"https:\/\/svenskateatern.fi\/fi\/ylva-ja-asko-elinikaisesta-rakkaudesta-ja-rooleistaan-naytelmassa-innan-avfard\/\" \/>\n<meta property=\"og:locale\" content=\"fi_FI\" \/>\n<meta property=\"og:type\" content=\"article\" \/>\n<meta property=\"og:title\" content=\"Ylva ja Asko elinik\u00e4isest\u00e4 rakkaudesta ja rooleistaann\u00e4ytelm\u00e4ss\u00e4 Innan avf\u00e4rd\" \/>\n<meta property=\"og:description\" content=\"Asko Sarkolan ja Ylva Ekbladin ensimm\u00e4inen yhteinen produktio Innan avf\u00e4rd on ollutmenestys sek\u00e4 Broadwaylla ett\u00e4 West Endiss\u00e4. N\u00e4ytelm\u00e4 on kaunis kuvaus i\u00e4kk\u00e4\u00e4st\u00e4pariskunnasta ja heid\u00e4n rakkaudestaan. Haastattelussamme Ylva ja Asko pohtivat n\u00e4ytelm\u00e4nteemoja ja n\u00e4yttelij\u00e4n ty\u00f6n olemusta.\" \/>\n<meta property=\"og:url\" content=\"https:\/\/svenskateatern.fi\/fi\/ylva-ja-asko-elinikaisesta-rakkaudesta-ja-rooleistaan-naytelmassa-innan-avfard\/\" \/>\n<meta property=\"og:site_name\" content=\"Svenska Teatern\" \/>\n<meta property=\"article:published_time\" content=\"2023-01-04T11:26:50+00:00\" \/>\n<meta property=\"article:modified_time\" content=\"2024-08-06T16:07:46+00:00\" \/>\n<meta property=\"og:image\" content=\"https:\/\/svenskateatern.fi\/wp-content\/uploads\/2022\/11\/innan-avfard-premiarinbjudan.jpg\" \/>\n\t<meta property=\"og:image:width\" content=\"1200\" \/>\n\t<meta property=\"og:image:height\" content=\"630\" \/>\n\t<meta property=\"og:image:type\" content=\"image\/jpeg\" \/>\n<meta name=\"author\" content=\"david.lindstrom\" \/>\n<meta name=\"twitter:card\" content=\"summary_large_image\" \/>\n<meta name=\"twitter:title\" content=\"Ylva ja Asko elinik\u00e4isest\u00e4 rakkaudesta ja rooleistaann\u00e4ytelm\u00e4ss\u00e4 Innan avf\u00e4rd\" \/>\n<meta name=\"twitter:description\" content=\"Ylva ja Asko elinik\u00e4isest\u00e4 rakkaudesta ja rooleistaann\u00e4ytelm\u00e4ss\u00e4 Innan avf\u00e4rd\" \/>\n<meta name=\"twitter:image\" content=\"https:\/\/svenskateatern.fi\/wp-content\/uploads\/2022\/11\/innan-avfard-premiarinbjudan.jpg\" \/>\n<meta name=\"twitter:label1\" content=\"Kirjoittanut\" \/>\n\t<meta name=\"twitter:data1\" content=\"david.lindstrom\" \/>\n\t<meta name=\"twitter:label2\" content=\"Arvioitu lukuaika\" \/>\n\t<meta name=\"twitter:data2\" content=\"7 minuuttia\" \/>\n<script type=\"application\/ld+json\" class=\"yoast-schema-graph\">{\"@context\":\"https:\/\/schema.org\",\"@graph\":[{\"@type\":\"Article\",\"@id\":\"https:\/\/svenskateatern.fi\/fi\/ylva-ja-asko-elinikaisesta-rakkaudesta-ja-rooleistaan-naytelmassa-innan-avfard\/#article\",\"isPartOf\":{\"@id\":\"https:\/\/svenskateatern.fi\/fi\/ylva-ja-asko-elinikaisesta-rakkaudesta-ja-rooleistaan-naytelmassa-innan-avfard\/\"},\"author\":{\"name\":\"david.lindstrom\",\"@id\":\"https:\/\/svenskateatern.fi\/fi\/#\/schema\/person\/148514734584b911962a6d2c8e627fef\"},\"headline\":\"Ylva ja Asko elinik\u00e4isest\u00e4 rakkaudesta ja rooleistaan n\u00e4ytelm\u00e4ss\u00e4 Innan avf\u00e4rd\",\"datePublished\":\"2023-01-04T11:26:50+00:00\",\"dateModified\":\"2024-08-06T16:07:46+00:00\",\"mainEntityOfPage\":{\"@id\":\"https:\/\/svenskateatern.fi\/fi\/ylva-ja-asko-elinikaisesta-rakkaudesta-ja-rooleistaan-naytelmassa-innan-avfard\/\"},\"wordCount\":716,\"image\":{\"@id\":\"https:\/\/svenskateatern.fi\/fi\/ylva-ja-asko-elinikaisesta-rakkaudesta-ja-rooleistaan-naytelmassa-innan-avfard\/#primaryimage\"},\"thumbnailUrl\":\"https:\/\/svenskateatern.fi\/wp-content\/uploads\/2022\/11\/innan-avfard-premiarinbjudan.jpg\",\"articleSection\":[\"Uutiset\"],\"inLanguage\":\"fi\"},{\"@type\":\"WebPage\",\"@id\":\"https:\/\/svenskateatern.fi\/fi\/ylva-ja-asko-elinikaisesta-rakkaudesta-ja-rooleistaan-naytelmassa-innan-avfard\/\",\"url\":\"https:\/\/svenskateatern.fi\/fi\/ylva-ja-asko-elinikaisesta-rakkaudesta-ja-rooleistaan-naytelmassa-innan-avfard\/\",\"name\":\"Ylva ja Asko elinik\u00e4isest\u00e4 rakkaudesta ja rooleistaan n\u00e4ytelm\u00e4ss\u00e4 Innan avf\u00e4rd - Svenska Teatern\",\"isPartOf\":{\"@id\":\"https:\/\/svenskateatern.fi\/fi\/#website\"},\"primaryImageOfPage\":{\"@id\":\"https:\/\/svenskateatern.fi\/fi\/ylva-ja-asko-elinikaisesta-rakkaudesta-ja-rooleistaan-naytelmassa-innan-avfard\/#primaryimage\"},\"image\":{\"@id\":\"https:\/\/svenskateatern.fi\/fi\/ylva-ja-asko-elinikaisesta-rakkaudesta-ja-rooleistaan-naytelmassa-innan-avfard\/#primaryimage\"},\"thumbnailUrl\":\"https:\/\/svenskateatern.fi\/wp-content\/uploads\/2022\/11\/innan-avfard-premiarinbjudan.jpg\",\"datePublished\":\"2023-01-04T11:26:50+00:00\",\"dateModified\":\"2024-08-06T16:07:46+00:00\",\"author\":{\"@id\":\"https:\/\/svenskateatern.fi\/fi\/#\/schema\/person\/148514734584b911962a6d2c8e627fef\"},\"description\":\"Asko Sarkolan ja Ylva Ekbladin ensimm\u00e4inen yhteinen produktio Innan avf\u00e4rd on ollutmenestys sek\u00e4 Broadwaylla ett\u00e4 West Endiss\u00e4. N\u00e4ytelm\u00e4 on kaunis kuvaus i\u00e4kk\u00e4\u00e4st\u00e4pariskunnasta ja heid\u00e4n rakkaudestaan. Haastattelussamme Ylva ja Asko pohtivat n\u00e4ytelm\u00e4nteemoja ja n\u00e4yttelij\u00e4n ty\u00f6n olemusta.\",\"breadcrumb\":{\"@id\":\"https:\/\/svenskateatern.fi\/fi\/ylva-ja-asko-elinikaisesta-rakkaudesta-ja-rooleistaan-naytelmassa-innan-avfard\/#breadcrumb\"},\"inLanguage\":\"fi\",\"potentialAction\":[{\"@type\":\"ReadAction\",\"target\":[\"https:\/\/svenskateatern.fi\/fi\/ylva-ja-asko-elinikaisesta-rakkaudesta-ja-rooleistaan-naytelmassa-innan-avfard\/\"]}]},{\"@type\":\"ImageObject\",\"inLanguage\":\"fi\",\"@id\":\"https:\/\/svenskateatern.fi\/fi\/ylva-ja-asko-elinikaisesta-rakkaudesta-ja-rooleistaan-naytelmassa-innan-avfard\/#primaryimage\",\"url\":\"https:\/\/svenskateatern.fi\/wp-content\/uploads\/2022\/11\/innan-avfard-premiarinbjudan.jpg\",\"contentUrl\":\"https:\/\/svenskateatern.fi\/wp-content\/uploads\/2022\/11\/innan-avfard-premiarinbjudan.jpg\",\"width\":1200,\"height\":630,\"caption\":\"Ylva Ekblad och Asko Sarkola i Innan avf\u00e4rd\"},{\"@type\":\"BreadcrumbList\",\"@id\":\"https:\/\/svenskateatern.fi\/fi\/ylva-ja-asko-elinikaisesta-rakkaudesta-ja-rooleistaan-naytelmassa-innan-avfard\/#breadcrumb\",\"itemListElement\":[{\"@type\":\"ListItem\",\"position\":1,\"name\":\"Etusivu\",\"item\":\"https:\/\/svenskateatern.fi\/fi\/\"},{\"@type\":\"ListItem\",\"position\":2,\"name\":\"Ylva ja Asko elinik\u00e4isest\u00e4 rakkaudesta ja rooleistaan n\u00e4ytelm\u00e4ss\u00e4 Innan avf\u00e4rd\"}]},{\"@type\":\"WebSite\",\"@id\":\"https:\/\/svenskateatern.fi\/fi\/#website\",\"url\":\"https:\/\/svenskateatern.fi\/fi\/\",\"name\":\"Svenska Teatern\",\"description\":\"\",\"potentialAction\":[{\"@type\":\"SearchAction\",\"target\":{\"@type\":\"EntryPoint\",\"urlTemplate\":\"https:\/\/svenskateatern.fi\/fi\/?s={search_term_string}\"},\"query-input\":{\"@type\":\"PropertyValueSpecification\",\"valueRequired\":true,\"valueName\":\"search_term_string\"}}],\"inLanguage\":\"fi\"},{\"@type\":\"Person\",\"@id\":\"https:\/\/svenskateatern.fi\/fi\/#\/schema\/person\/148514734584b911962a6d2c8e627fef\",\"name\":\"david.lindstrom\",\"image\":{\"@type\":\"ImageObject\",\"inLanguage\":\"fi\",\"@id\":\"https:\/\/svenskateatern.fi\/fi\/#\/schema\/person\/image\/\",\"url\":\"https:\/\/secure.gravatar.com\/avatar\/5f4010a4cf4e856baa476e9a6fd317ecf5c5d6bdfe9acbc22592b389e62d3d86?s=96&d=mm&r=g\",\"contentUrl\":\"https:\/\/secure.gravatar.com\/avatar\/5f4010a4cf4e856baa476e9a6fd317ecf5c5d6bdfe9acbc22592b389e62d3d86?s=96&d=mm&r=g\",\"caption\":\"david.lindstrom\"}}]}<\/script>\n<!-- \/ Yoast SEO plugin. -->","yoast_head_json":{"title":"Ylva ja Asko elinik\u00e4isest\u00e4 rakkaudesta ja rooleistaan n\u00e4ytelm\u00e4ss\u00e4 Innan avf\u00e4rd - Svenska Teatern","description":"Asko Sarkolan ja Ylva Ekbladin ensimm\u00e4inen yhteinen produktio Innan avf\u00e4rd on ollutmenestys sek\u00e4 Broadwaylla ett\u00e4 West Endiss\u00e4. N\u00e4ytelm\u00e4 on kaunis kuvaus i\u00e4kk\u00e4\u00e4st\u00e4pariskunnasta ja heid\u00e4n rakkaudestaan. Haastattelussamme Ylva ja Asko pohtivat n\u00e4ytelm\u00e4nteemoja ja n\u00e4yttelij\u00e4n ty\u00f6n olemusta.","robots":{"index":"index","follow":"follow","max-snippet":"max-snippet:-1","max-image-preview":"max-image-preview:large","max-video-preview":"max-video-preview:-1"},"canonical":"https:\/\/svenskateatern.fi\/fi\/ylva-ja-asko-elinikaisesta-rakkaudesta-ja-rooleistaan-naytelmassa-innan-avfard\/","og_locale":"fi_FI","og_type":"article","og_title":"Ylva ja Asko elinik\u00e4isest\u00e4 rakkaudesta ja rooleistaann\u00e4ytelm\u00e4ss\u00e4 Innan avf\u00e4rd","og_description":"Asko Sarkolan ja Ylva Ekbladin ensimm\u00e4inen yhteinen produktio Innan avf\u00e4rd on ollutmenestys sek\u00e4 Broadwaylla ett\u00e4 West Endiss\u00e4. N\u00e4ytelm\u00e4 on kaunis kuvaus i\u00e4kk\u00e4\u00e4st\u00e4pariskunnasta ja heid\u00e4n rakkaudestaan. Haastattelussamme Ylva ja Asko pohtivat n\u00e4ytelm\u00e4nteemoja ja n\u00e4yttelij\u00e4n ty\u00f6n olemusta.","og_url":"https:\/\/svenskateatern.fi\/fi\/ylva-ja-asko-elinikaisesta-rakkaudesta-ja-rooleistaan-naytelmassa-innan-avfard\/","og_site_name":"Svenska Teatern","article_published_time":"2023-01-04T11:26:50+00:00","article_modified_time":"2024-08-06T16:07:46+00:00","og_image":[{"width":1200,"height":630,"url":"https:\/\/svenskateatern.fi\/wp-content\/uploads\/2022\/11\/innan-avfard-premiarinbjudan.jpg","type":"image\/jpeg"}],"author":"david.lindstrom","twitter_card":"summary_large_image","twitter_title":"Ylva ja Asko elinik\u00e4isest\u00e4 rakkaudesta ja rooleistaann\u00e4ytelm\u00e4ss\u00e4 Innan avf\u00e4rd","twitter_description":"Ylva ja Asko elinik\u00e4isest\u00e4 rakkaudesta ja rooleistaann\u00e4ytelm\u00e4ss\u00e4 Innan avf\u00e4rd","twitter_image":"https:\/\/svenskateatern.fi\/wp-content\/uploads\/2022\/11\/innan-avfard-premiarinbjudan.jpg","twitter_misc":{"Kirjoittanut":"david.lindstrom","Arvioitu lukuaika":"7 minuuttia"},"schema":{"@context":"https:\/\/schema.org","@graph":[{"@type":"Article","@id":"https:\/\/svenskateatern.fi\/fi\/ylva-ja-asko-elinikaisesta-rakkaudesta-ja-rooleistaan-naytelmassa-innan-avfard\/#article","isPartOf":{"@id":"https:\/\/svenskateatern.fi\/fi\/ylva-ja-asko-elinikaisesta-rakkaudesta-ja-rooleistaan-naytelmassa-innan-avfard\/"},"author":{"name":"david.lindstrom","@id":"https:\/\/svenskateatern.fi\/fi\/#\/schema\/person\/148514734584b911962a6d2c8e627fef"},"headline":"Ylva ja Asko elinik\u00e4isest\u00e4 rakkaudesta ja rooleistaan n\u00e4ytelm\u00e4ss\u00e4 Innan avf\u00e4rd","datePublished":"2023-01-04T11:26:50+00:00","dateModified":"2024-08-06T16:07:46+00:00","mainEntityOfPage":{"@id":"https:\/\/svenskateatern.fi\/fi\/ylva-ja-asko-elinikaisesta-rakkaudesta-ja-rooleistaan-naytelmassa-innan-avfard\/"},"wordCount":716,"image":{"@id":"https:\/\/svenskateatern.fi\/fi\/ylva-ja-asko-elinikaisesta-rakkaudesta-ja-rooleistaan-naytelmassa-innan-avfard\/#primaryimage"},"thumbnailUrl":"https:\/\/svenskateatern.fi\/wp-content\/uploads\/2022\/11\/innan-avfard-premiarinbjudan.jpg","articleSection":["Uutiset"],"inLanguage":"fi"},{"@type":"WebPage","@id":"https:\/\/svenskateatern.fi\/fi\/ylva-ja-asko-elinikaisesta-rakkaudesta-ja-rooleistaan-naytelmassa-innan-avfard\/","url":"https:\/\/svenskateatern.fi\/fi\/ylva-ja-asko-elinikaisesta-rakkaudesta-ja-rooleistaan-naytelmassa-innan-avfard\/","name":"Ylva ja Asko elinik\u00e4isest\u00e4 rakkaudesta ja rooleistaan n\u00e4ytelm\u00e4ss\u00e4 Innan avf\u00e4rd - Svenska Teatern","isPartOf":{"@id":"https:\/\/svenskateatern.fi\/fi\/#website"},"primaryImageOfPage":{"@id":"https:\/\/svenskateatern.fi\/fi\/ylva-ja-asko-elinikaisesta-rakkaudesta-ja-rooleistaan-naytelmassa-innan-avfard\/#primaryimage"},"image":{"@id":"https:\/\/svenskateatern.fi\/fi\/ylva-ja-asko-elinikaisesta-rakkaudesta-ja-rooleistaan-naytelmassa-innan-avfard\/#primaryimage"},"thumbnailUrl":"https:\/\/svenskateatern.fi\/wp-content\/uploads\/2022\/11\/innan-avfard-premiarinbjudan.jpg","datePublished":"2023-01-04T11:26:50+00:00","dateModified":"2024-08-06T16:07:46+00:00","author":{"@id":"https:\/\/svenskateatern.fi\/fi\/#\/schema\/person\/148514734584b911962a6d2c8e627fef"},"description":"Asko Sarkolan ja Ylva Ekbladin ensimm\u00e4inen yhteinen produktio Innan avf\u00e4rd on ollutmenestys sek\u00e4 Broadwaylla ett\u00e4 West Endiss\u00e4. N\u00e4ytelm\u00e4 on kaunis kuvaus i\u00e4kk\u00e4\u00e4st\u00e4pariskunnasta ja heid\u00e4n rakkaudestaan. Haastattelussamme Ylva ja Asko pohtivat n\u00e4ytelm\u00e4nteemoja ja n\u00e4yttelij\u00e4n ty\u00f6n olemusta.","breadcrumb":{"@id":"https:\/\/svenskateatern.fi\/fi\/ylva-ja-asko-elinikaisesta-rakkaudesta-ja-rooleistaan-naytelmassa-innan-avfard\/#breadcrumb"},"inLanguage":"fi","potentialAction":[{"@type":"ReadAction","target":["https:\/\/svenskateatern.fi\/fi\/ylva-ja-asko-elinikaisesta-rakkaudesta-ja-rooleistaan-naytelmassa-innan-avfard\/"]}]},{"@type":"ImageObject","inLanguage":"fi","@id":"https:\/\/svenskateatern.fi\/fi\/ylva-ja-asko-elinikaisesta-rakkaudesta-ja-rooleistaan-naytelmassa-innan-avfard\/#primaryimage","url":"https:\/\/svenskateatern.fi\/wp-content\/uploads\/2022\/11\/innan-avfard-premiarinbjudan.jpg","contentUrl":"https:\/\/svenskateatern.fi\/wp-content\/uploads\/2022\/11\/innan-avfard-premiarinbjudan.jpg","width":1200,"height":630,"caption":"Ylva Ekblad och Asko Sarkola i Innan avf\u00e4rd"},{"@type":"BreadcrumbList","@id":"https:\/\/svenskateatern.fi\/fi\/ylva-ja-asko-elinikaisesta-rakkaudesta-ja-rooleistaan-naytelmassa-innan-avfard\/#breadcrumb","itemListElement":[{"@type":"ListItem","position":1,"name":"Etusivu","item":"https:\/\/svenskateatern.fi\/fi\/"},{"@type":"ListItem","position":2,"name":"Ylva ja Asko elinik\u00e4isest\u00e4 rakkaudesta ja rooleistaan n\u00e4ytelm\u00e4ss\u00e4 Innan avf\u00e4rd"}]},{"@type":"WebSite","@id":"https:\/\/svenskateatern.fi\/fi\/#website","url":"https:\/\/svenskateatern.fi\/fi\/","name":"Svenska Teatern","description":"","potentialAction":[{"@type":"SearchAction","target":{"@type":"EntryPoint","urlTemplate":"https:\/\/svenskateatern.fi\/fi\/?s={search_term_string}"},"query-input":{"@type":"PropertyValueSpecification","valueRequired":true,"valueName":"search_term_string"}}],"inLanguage":"fi"},{"@type":"Person","@id":"https:\/\/svenskateatern.fi\/fi\/#\/schema\/person\/148514734584b911962a6d2c8e627fef","name":"david.lindstrom","image":{"@type":"ImageObject","inLanguage":"fi","@id":"https:\/\/svenskateatern.fi\/fi\/#\/schema\/person\/image\/","url":"https:\/\/secure.gravatar.com\/avatar\/5f4010a4cf4e856baa476e9a6fd317ecf5c5d6bdfe9acbc22592b389e62d3d86?s=96&d=mm&r=g","contentUrl":"https:\/\/secure.gravatar.com\/avatar\/5f4010a4cf4e856baa476e9a6fd317ecf5c5d6bdfe9acbc22592b389e62d3d86?s=96&d=mm&r=g","caption":"david.lindstrom"}}]}},"_links":{"self":[{"href":"https:\/\/svenskateatern.fi\/fi\/wp-json\/wp\/v2\/posts\/9373","targetHints":{"allow":["GET"]}}],"collection":[{"href":"https:\/\/svenskateatern.fi\/fi\/wp-json\/wp\/v2\/posts"}],"about":[{"href":"https:\/\/svenskateatern.fi\/fi\/wp-json\/wp\/v2\/types\/post"}],"author":[{"embeddable":true,"href":"https:\/\/svenskateatern.fi\/fi\/wp-json\/wp\/v2\/users\/12"}],"replies":[{"embeddable":true,"href":"https:\/\/svenskateatern.fi\/fi\/wp-json\/wp\/v2\/comments?post=9373"}],"version-history":[{"count":1,"href":"https:\/\/svenskateatern.fi\/fi\/wp-json\/wp\/v2\/posts\/9373\/revisions"}],"predecessor-version":[{"id":21473,"href":"https:\/\/svenskateatern.fi\/fi\/wp-json\/wp\/v2\/posts\/9373\/revisions\/21473"}],"wp:featuredmedia":[{"embeddable":true,"href":"https:\/\/svenskateatern.fi\/fi\/wp-json\/wp\/v2\/media\/7754"}],"wp:attachment":[{"href":"https:\/\/svenskateatern.fi\/fi\/wp-json\/wp\/v2\/media?parent=9373"}],"wp:term":[{"taxonomy":"category","embeddable":true,"href":"https:\/\/svenskateatern.fi\/fi\/wp-json\/wp\/v2\/categories?post=9373"},{"taxonomy":"post_tag","embeddable":true,"href":"https:\/\/svenskateatern.fi\/fi\/wp-json\/wp\/v2\/tags?post=9373"}],"curies":[{"name":"wp","href":"https:\/\/api.w.org\/{rel}","templated":true}]}}