{"id":38627,"date":"2026-09-03T17:30:56","date_gmt":"2026-09-03T14:30:56","guid":{"rendered":"https:\/\/svenskateatern.fi\/?p=38627"},"modified":"2026-09-03T17:51:39","modified_gmt":"2026-09-03T14:51:39","slug":"anglagardin-sannah-nedergard-pienessa-kylassa-voi-myos-tulla-nahdyksi","status":"publish","type":"post","link":"https:\/\/svenskateatern.fi\/fi\/anglagardin-sannah-nedergard-pienessa-kylassa-voi-myos-tulla-nahdyksi\/","title":{"rendered":"\u00c4nglag\u00e5rdin Sannah Nederg\u00e5rd: \u201dPieness\u00e4 kyl\u00e4ss\u00e4 voi my\u00f6s tulla n\u00e4hdyksi\u201d"},"content":{"rendered":"<section id=\"block_6816ea851bdd51557377b1da07e5e7b7_6a99bc898769d\" class=\"block block-content-wrapper container-fluid bg-white container-fluid\">\n\t<div class=\"container\n\t\t\tshow-all\"\n\t\t>\n\t\t<div class=\"row\">\n\t\t\t<div class=\"col-12 col-lg-8 offset-lg-2 col-hd-6 offset-hd-3\">\n\t\t\t\t<main class=\"entry-content\">\n\t\t\t\t\t\n\n<p class=\"is-style-lead wp-block-paragraph\">\u00c4nglag\u00e5rdissa Fanny ja Zac saapuvat kyl\u00e4\u00e4n, johon kukaan ei heit\u00e4 halua. Sannah Nederg\u00e5rd tunnistaa sek\u00e4 ep\u00e4luulon ett\u00e4 yhteishengen. Miss\u00e4 kulkee raja tarkkailtavana olemisen ja n\u00e4hdyksi tulemisen v\u00e4lill\u00e4?<\/p>\n\n\n\n<figure class=\"wp-block-image size-large\"><img loading=\"lazy\" decoding=\"async\" width=\"1024\" height=\"683\" src=\"https:\/\/svenskateatern.fi\/wp-content\/uploads\/2026\/09\/Sannah-Nedergard-WEB-1024x683.jpg\" alt=\"\" class=\"wp-image-38616\" srcset=\"https:\/\/svenskateatern.fi\/wp-content\/uploads\/2026\/09\/Sannah-Nedergard-WEB-1024x683.jpg 1024w, https:\/\/svenskateatern.fi\/wp-content\/uploads\/2026\/09\/Sannah-Nedergard-WEB-300x200.jpg 300w, https:\/\/svenskateatern.fi\/wp-content\/uploads\/2026\/09\/Sannah-Nedergard-WEB-768x512.jpg 768w, https:\/\/svenskateatern.fi\/wp-content\/uploads\/2026\/09\/Sannah-Nedergard-WEB-1536x1024.jpg 1536w, https:\/\/svenskateatern.fi\/wp-content\/uploads\/2026\/09\/Sannah-Nedergard-WEB.jpg 1920w\" sizes=\"auto, (max-width: 575px) 100vw, (max-width: 767px) 510px, (max-width: 991px) 290px, (max-width: 1199px) 530px, 840px\" \/><figcaption class=\"wp-element-caption\">Sannah Nederg\u00e5rd n\u00e4yttelee yht\u00e4 \u00c4nglag\u00e5rd-musikaalin p\u00e4\u00e4rooleista, Fannya. Kuva: Cata Portin.<\/figcaption><\/figure>\n\n\n\n<p class=\"wp-block-paragraph\">Ihminen on laumael\u00e4in, mik\u00e4 paljastuu k\u00e4yt\u00e4nn\u00f6ss\u00e4 heti, kun avaamme suumme. Kyse ei ole vain sanojen konkreettisesta merkityksest\u00e4 vaan ennen kaikkea siit\u00e4, milt\u00e4 kuulostamme: murteesta ja slangista, fraseerauksesta ja intonaatiosta. Taustamme, ymp\u00e4rist\u00f6mme ja toivomme yhteenkuuluvuudesta heijastuvat niiss\u00e4. Useimmiten se tapahtuu tahattomasti: kuljemme l\u00e4pi el\u00e4m\u00e4n ja puhumme niin kuin puhumme, emmek\u00e4 edes huomaa, miten ulkoiset olosuhteet muovaavat kielt\u00e4mme. Vapauden edellytys on, ettei omaa puhetapaansa tarvitse tietoisesti vahtia tai tukahduttaa.<\/p>\n\n\n\n<p class=\"wp-block-paragraph\">Ellei sitten ole n\u00e4yttelij\u00e4. Silloin oma \u00e4\u00e4ni on ty\u00f6kalu, jolla loihditaan esiin rinnakkaisia todellisuuksia. Mutta tarkkana saa olla:<\/p>\n\n\n\n<p class=\"wp-block-paragraph\">&#8221;Sannah, aina kun olet lavalla Jakobin kanssa, alat puhua v\u00e4h\u00e4n liikaa murretta!&#8221;<\/p>\n\n\n\n<p class=\"wp-block-paragraph\">Pohjanmaalla syntynyt ja kasvanut Sannah Nederg\u00e5rd muistelee huvittuneena ohjaaja Maria Lundstr\u00f6min kommenttia musikaali \u00c4nglag\u00e5rdin harjoitusten alkuvaiheessa. Murre tarttuu.<\/p>\n\n\n\n<h2 class=\"wp-block-heading\">Fanny ja Zac edustaa suurkaupungin pahimpia<\/h2>\n\n\n\n<figure class=\"wp-block-image size-large\"><img loading=\"lazy\" decoding=\"async\" width=\"1024\" height=\"538\" src=\"https:\/\/svenskateatern.fi\/wp-content\/uploads\/2025\/11\/Anglagard-FByoast-2-1024x538.png\" alt=\"Mikko Kauppila och Sannah Nederg\u00e5rd som Zac och Fanny i musikalen \u00c4nglag\u00e5rd. De poserar framf\u00f6r en orange motorcykel p\u00e5 en landsv\u00e4gsliknande plats. B\u00e5da b\u00e4r svarta l\u00e4derjackor, och Fanny sitter p\u00e5 motorcykeln i en ljus kl\u00e4nning med dekorativa detaljer. I bakgrunden syns \u00e5kerlandskap och bl\u00e5 himmel.\" class=\"wp-image-31999\" srcset=\"https:\/\/svenskateatern.fi\/wp-content\/uploads\/2025\/11\/Anglagard-FByoast-2-1024x538.png 1024w, https:\/\/svenskateatern.fi\/wp-content\/uploads\/2025\/11\/Anglagard-FByoast-2-300x158.png 300w, https:\/\/svenskateatern.fi\/wp-content\/uploads\/2025\/11\/Anglagard-FByoast-2-768x403.png 768w, https:\/\/svenskateatern.fi\/wp-content\/uploads\/2025\/11\/Anglagard-FByoast-2.png 1200w\" sizes=\"auto, (max-width: 575px) 100vw, (max-width: 767px) 510px, (max-width: 991px) 290px, (max-width: 1199px) 530px, 840px\" \/><figcaption class=\"wp-element-caption\">Mikko Kauppila ja Sannah Nederg\u00e5rd ovat kaksi \u00c4nglag\u00e5rd-musikaalin t\u00e4htinime\u00e4. Kuva: Valtteri Kanttanen.<\/figcaption><\/figure>\n\n\n\n<p class=\"wp-block-paragraph\"><em>&#8211; Pid\u00e4n \u00e4\u00e4rimm\u00e4isen kiinnostavana, miten erilaiselta ihminen kuulostaa riippuen siit\u00e4, kenen kanssa h\u00e4n puhuu. Kun \u00e4itini soittaa, vaihdan saman tien yleiskielisest\u00e4 suomenruotsista murteeseen.<\/em><\/p>\n\n\n\n<p class=\"wp-block-paragraph\">\u00c4nglag\u00e5rdissa Nederg\u00e5rdin roolihahmo on s\u00e4ken\u00f6iv\u00e4 outolintu Fanny, jonka tunnusmerkiksi on muodostunut l\u00e4hes ikoninen kapinallistyyli. Verenpunaisen huulipunan, mustan nahkatakin ja s\u00e4h\u00e4k\u00e4n moottoripy\u00f6r\u00e4n vastapainona on aurinkoinen persoona. Maailmaa n\u00e4hnyt Fanny on karismaattinen, mutta samalla n\u00f6yr\u00e4 ja huomattavan kiltti. T\u00e4m\u00e4n kaksijakoisuuden Nederg\u00e5rd haluaa tuoda esiin rivien v\u00e4list\u00e4.<\/p>\n\n\n\n<p class=\"wp-block-paragraph\"><em>&#8211; Kun tutustuu uusiin ihmisiin, kuulo on hyvin t\u00e4rke\u00e4 aisti. Vaikka ihmiset sanoisivatkin, ett\u00e4 kaikki on hyvin, heid\u00e4n \u00e4\u00e4nens\u00e4 voi viesti\u00e4 jotain muuta. Uskon vakaasti, ett\u00e4 \u00e4\u00e4nest\u00e4 kuulee onko ihminen yksin\u00e4inen, ep\u00e4varma tai aggressiivinen. Olen miettinyt sit\u00e4, milt\u00e4 Fanny kuulostaa, ja halunnut tutkia, miten \u00e4\u00e4neen vaikuttaa se, ett\u00e4 ihminen on eloisa ja iloinen.<\/em><\/p>\n\n\n\n<p class=\"wp-block-paragraph\">Yksi \u00c4nglag\u00e5rdin keskeisist\u00e4 kysymyksist\u00e4 on, kykeneek\u00f6 uhatuksi itsens\u00e4 tunteva yhteis\u00f6 kohtaamaan pelkonsa tuntematonta kohtaan. Kyl\u00e4ss\u00e4, johon Fanny ja h\u00e4nen kumppaninsa Zac (Mikko Kauppila) saapuvat n\u00e4ytelm\u00e4n alussa, pariskunta edustaa suurkaupungin pahimpia puolia. Fannyn sukusiteet paikkakunnalle koetaan l\u00e4hes loukkauksena, kuten my\u00f6s se, ett\u00e4 h\u00e4n on perim\u00e4ss\u00e4 seudun kartanon. Kielteiset reaktiot ovat refleksinomaisia, mik\u00e4 tekee kaikesta rationaalisesta keskustelusta vaikeaa. Ja onko hyljeksityn ylip\u00e4\u00e4t\u00e4\u00e4n mahdollista j\u00e4rkeill\u00e4 tiens\u00e4 hyv\u00e4ksynt\u00e4\u00e4n?<\/p>\n\n\n\n<figure class=\"wp-block-image size-large\"><img loading=\"lazy\" decoding=\"async\" width=\"683\" height=\"1024\" src=\"https:\/\/svenskateatern.fi\/wp-content\/uploads\/2026\/09\/Sannah-Nedergard-07WEB-683x1024.jpg\" alt=\"Sanna Nederg\u00e5rd sitter barfota p\u00e5 en b\u00e4nk utomhus framf\u00f6r en ljus byggnadsfasad. Personen b\u00e4r en gr\u00f6n- och vitrandig skjorta, vida jeans och solglas\u00f6gon p\u00e5 huvudet, och \u00e4r v\u00e4nd \u00e5t sidan. I bakgrunden syns markbel\u00e4ggning av sten samt l\u00e5ga f\u00f6nster med \u00f6ppna glasluckor.\" class=\"wp-image-38622\" srcset=\"https:\/\/svenskateatern.fi\/wp-content\/uploads\/2026\/09\/Sannah-Nedergard-07WEB-683x1024.jpg 683w, https:\/\/svenskateatern.fi\/wp-content\/uploads\/2026\/09\/Sannah-Nedergard-07WEB-200x300.jpg 200w, https:\/\/svenskateatern.fi\/wp-content\/uploads\/2026\/09\/Sannah-Nedergard-07WEB-768x1152.jpg 768w, https:\/\/svenskateatern.fi\/wp-content\/uploads\/2026\/09\/Sannah-Nedergard-07WEB-1024x1536.jpg 1024w, https:\/\/svenskateatern.fi\/wp-content\/uploads\/2026\/09\/Sannah-Nedergard-07WEB-1366x2048.jpg 1366w, https:\/\/svenskateatern.fi\/wp-content\/uploads\/2026\/09\/Sannah-Nedergard-07WEB.jpg 1707w\" sizes=\"auto, (max-width: 575px) 100vw, (max-width: 767px) 510px, (max-width: 991px) 290px, (max-width: 1199px) 530px, 683px\" \/><figcaption class=\"wp-element-caption\">Sannah Nederg\u00e5rd haluaa l\u00f6yt\u00e4\u00e4 oman Fannynsa. Fanny on roolihahmo, jonka esitt\u00e4misest\u00e4 h\u00e4n pit\u00e4\u00e4 erityisen paljon.<\/figcaption><\/figure>\n\n\n\n<h2 class=\"wp-block-heading\">\u00c4nglag\u00e5rdin moraalipaniikki ei ole yksipuolista<\/h2>\n\n\n\n<p class=\"wp-block-paragraph\">Kertomus pienen kyl\u00e4n ja kahden tulokkaan kohtaamisesta tarttuu alati ajankohtaiseen teemaan. Mutta kun vastaavia konflikteja kuvataan taiteessa, suljettu yhteis\u00f6 saa usein kantaakseen roolin pahuuden symbolina. Tv-sarja <em>Twin Peaks<\/em>, Shirley Jacksonin novelli <em>Arpajaiset<\/em> ja Monika Fagerholmin romaani <em>Kuka tappoi bambin?<\/em> ovat vain muutamia esimerkkej\u00e4 teoksista, joissa pikkukaupungin kiillotettu julkisivu paljastuu tekopyh\u00e4ksi kulissiksi. \u00c4nglag\u00e5rdissa suhtautuminen on armollisempi. Sannah Nederg\u00e5rd n\u00e4kee musikaalin toiveikkaan s\u00e4vyn loogisena seurauksena roolihahmojen v\u00e4lisest\u00e4 vuorovaikutuksesta:<\/p>\n\n\n\n<p class=\"wp-block-paragraph\"><em>&#8211; N\u00e4ytelm\u00e4n henkil\u00f6t toimivat orgaanisen massan lailla. Kyl\u00e4 k\u00e4ytt\u00e4ytyy kuin solu ja hylkii kaikkea vierasta. Mutta jonkin ajan kuluttua osapuolet sopeutuvat toisiinsa ja sulautuvat yhteen. \u00c4nglag\u00e5rdissa on hienoa siin\u00e4 tapahtuva er\u00e4\u00e4nlainen osmoosi. Konfliktin ratkaisu ei ole Fannyn muuttuminen, eik\u00e4 aiemmin niin ilkeiden kyl\u00e4l\u00e4isten yht\u00e4kkinen oivallus, jonka seurauksena he muuttuvat kilteiksi. Kaikkihan vaikuttavat toisiinsa.<\/em><\/p>\n\n\n\n<figure class=\"wp-block-image size-large\"><img loading=\"lazy\" decoding=\"async\" width=\"1024\" height=\"683\" src=\"https:\/\/svenskateatern.fi\/wp-content\/uploads\/2026\/09\/Sannah-Nedergard-WEB3-1024x683.jpg\" alt=\"N\u00e4rbildsportr\u00e4tt av Sannah Nederg\u00e5rd. Personen \u00e4r fotograferad i mjukt ljus och blickar \u00e5t sidan. I bakgrunden syns suddiga, ljusa tygdraperingar som skapar en dr\u00f6mlik och luftig k\u00e4nsla. Bilden domineras av mjuka bl\u00e5, gr\u00e5 och varma toner.\" class=\"wp-image-38619\" srcset=\"https:\/\/svenskateatern.fi\/wp-content\/uploads\/2026\/09\/Sannah-Nedergard-WEB3-1024x683.jpg 1024w, https:\/\/svenskateatern.fi\/wp-content\/uploads\/2026\/09\/Sannah-Nedergard-WEB3-300x200.jpg 300w, https:\/\/svenskateatern.fi\/wp-content\/uploads\/2026\/09\/Sannah-Nedergard-WEB3-768x512.jpg 768w, https:\/\/svenskateatern.fi\/wp-content\/uploads\/2026\/09\/Sannah-Nedergard-WEB3-1536x1024.jpg 1536w, https:\/\/svenskateatern.fi\/wp-content\/uploads\/2026\/09\/Sannah-Nedergard-WEB3-1920x1280.jpg 1920w, https:\/\/svenskateatern.fi\/wp-content\/uploads\/2026\/09\/Sannah-Nedergard-WEB3.jpg 1980w\" sizes=\"auto, (max-width: 575px) 100vw, (max-width: 767px) 510px, (max-width: 991px) 290px, (max-width: 1199px) 530px, 840px\" \/><\/figure>\n\n\n\n<p class=\"wp-block-paragraph\"><br>\u00c4nglag\u00e5rdin moraalipaniikki ei ole yksipuolista. Nederg\u00e5rd uskoo, ett\u00e4 Fannyn on vaikea k\u00e4sitt\u00e4\u00e4, ett\u00e4 on olemassa ihmisi\u00e4, joiden on l\u00e4ht\u00f6kohtaisesti mahdotonta hyv\u00e4ksy\u00e4 erilaisuutta. Fannylle on shokki huomata olevansa yht\u00e4kki\u00e4 paikassa, jossa on oltava tietynlainen sopiakseen joukkoon.<\/p>\n\n\n\n<p class=\"wp-block-paragraph\"><em>&#8211; Uskon, ett\u00e4 useimmat ovat kokeneet t\u00e4m\u00e4nkaltaisen konfliktin molemmat puolet. Tulen melko pienelt\u00e4 paikkakunnalta, joten asetelma on minulle tuttu. Jos joku erottuu liikaa, aletaan juoruilla. On valitettavan helppoa osoitella sormella ja tarkkailla muita: oletteko huomanneet, h\u00e4n k\u00e4y joka p\u00e4iv\u00e4 samassa paikassa t\u00e4sm\u00e4lleen samaan aikaan&#8230; eip\u00e4 taida olla kaikki muumit laaksossa! Mutta minusta pieness\u00e4 kyl\u00e4ss\u00e4 voi my\u00f6s tulla n\u00e4hdyksi. Pienill\u00e4 paikkakunnilla yhteenkuuluvuus ja inhimillinen kontakti toimivat paljon paremmin kuin suurissa kaupungeissa. Kun teemme pienist\u00e4 paikkakunnista karikatyyrej\u00e4, unohdamme helposti, ett\u00e4 kyl\u00e4ss\u00e4 ihmiset tukevat toisiaan aivan uskomattomalla tavalla. Jos joku osaa laulaa, h\u00e4nelle halutaan j\u00e4rjest\u00e4\u00e4 tilaisuuksia esiinty\u00e4, ja jos joku on tehnyt tai keksinyt jotain, se on saatava myyntiin kyl\u00e4kauppaan&#8230;<\/em><\/p>\n\n\n\n<h2 class=\"wp-block-heading\">Huonot kokemukset ovat kehityksen edellytys<\/h2>\n\n\n\n<p class=\"wp-block-paragraph\">Hyperindividualistisessa nykyajassamme itsekeskeisyys sekoittuu helposti itsekunnioitukseen, Nederg\u00e5rd arvelee. Jatkuva keskittyminen siihen, mit\u00e4 itse haluaa ja milt\u00e4 itsest\u00e4 tuntuu, ei j\u00e4t\u00e4 paljon tilaa toisten kuuntelemiselle.<\/p>\n\n\n\n<p class=\"wp-block-paragraph\"><em>&#8211; Ajatus siit\u00e4, ett\u00e4 meid\u00e4n pit\u00e4isi saada tehd\u00e4 niin kuin haluamme, ett\u00e4 se olisi jonkinlainen oikeus, johtaa siihen, ett\u00e4 p\u00e4\u00e4t\u00f6ksi\u00e4 tehd\u00e4\u00e4n kanssaihmisi\u00e4 huomioimatta. Sopeutumisessa ei v\u00e4ltt\u00e4m\u00e4tt\u00e4 ole mit\u00e4\u00e4n pahaa. Jotta ihmisen voi kohdata, on tultava toista vastaan. Jossain m\u00e4\u00e4rin uskon, ett\u00e4 huonot kokemukset ovat kehityksen edellytys. Se on totta: kivulla puhkeevat nuput, niin kuin sanotaan.<\/em><\/p>\n\n\n\n<p class=\"wp-block-paragraph\">Karin Boyen vuoden 1935 runon kuuluisaa aloituss\u00e4ett\u00e4 on siteerattu ahkerasti \u00c4nglag\u00e5rdin harjoituksissa.<\/p>\n\n\n\n<p class=\"wp-block-paragraph\"><em>&#8211; Se on eritt\u00e4in osuva sitaatti. Kliseeksi se on muuttunut juuri siksi, ett\u00e4 se ilmaisee totuuden.<\/em><\/p>\n\n\n\n<p class=\"wp-block-paragraph\">Teksti: <strong>Helen Korpak<\/strong><\/p>\n\n\n\t\t\t\t<\/main>\n\t\t\t<\/div>\n\t\t<\/div>\n\n\t\t\n\t<\/div>\n<\/section>\n\n\n\n<section class=\"block block-image-beside-content container-fluid container-fluid bg-black\">\n    <div class=\"container\">\n        <div class=\"row\">\n            <div class=\"col-12 col-md-6 image-col\">\n                <div class=\"align-items-center\">\n                                            <img decoding=\"async\" src=\"https:\/\/svenskateatern.fi\/wp-content\/uploads\/2025\/11\/Anglagard-hero-mobil-2.png\" width=\"1080\" height=\"1350\" alt=\"\" loading=\"lazy\">                                    <\/div>\n            <\/div>\n            <div class=\"col-12 col-md-6 text-col\">\n                <div class=\"align-items-center\">\n                    <main class=\"entry-content\">\n                        \n\n<h1 class=\"wp-block-heading\">\u00c4nglag\u00e5rd<\/h1>\n\n\n\n<h2 class=\"wp-block-heading\">Hurmaava ja syd\u00e4nt\u00e4 l\u00e4mmitt\u00e4v\u00e4 musikaali saapuu Suomeen!<\/h2>\n\n\n\n<p class=\"wp-block-paragraph\">Menestysmusikaali \u00c4nglag\u00e5rd on koskettava ja viihdytt\u00e4v\u00e4 tarina, joka hurmaa katsojansa mukaansatempaavalla musiikilla ja v\u00e4rikk\u00e4ill\u00e4 hahmoilla.<\/p>\n\n\n\n<p class=\"wp-block-paragraph\">Kun maailmaa n\u00e4hnyt kaksikko Fanny ja\u202fZac yll\u00e4tt\u00e4en saapuu rauhalliseen maaseutukyl\u00e4\u00e4n, kaikki k\u00e4\u00e4ntyy p\u00e4\u00e4laelleen. Ennakkoluulot ja perinteet joutuvat vastakkain vapauden ja glamourin kanssa. Keskell\u00e4 odottamatonta tunnemyrsky\u00e4 syntyy yll\u00e4tt\u00e4vi\u00e4 yst\u00e4vyyksi\u00e4 ja paljastuu vaiettuja verisiteit\u00e4.<\/p>\n\n\n\n<p class=\"wp-block-paragraph\">Musikaali tarjoaa unohtumattomia melodioita, napakoita repliikkej\u00e4 ja el\u00e4m\u00e4nmakuisia hetki\u00e4.&nbsp;<strong>Fredrik Kempen\u202f<\/strong>(<em>Niin kuin taivaassa<\/em>) s\u00e4velt\u00e4m\u00e4 ja sanoittama musiikki sek\u00e4\u202f<strong>Edward af Sill\u00e9nin&nbsp;<\/strong>ja&nbsp;<strong>Daniel R\u00e9hnin<\/strong>&nbsp;\u202fnerokas k\u00e4sikirjoitus tekev\u00e4t \u00c4nglag\u00e5rd-musikaalista\u202fel\u00e4myksen, jota et halua j\u00e4tt\u00e4\u00e4 kokematta.\u202fMusikaalin ohjauksesta ja sovituksesta vastaa\u202f<strong>Maria Lundstr\u00f6m.<\/strong><\/p>\n\n\n\n<p class=\"wp-block-paragraph\">Fannya ja Zacia n\u00e4yttelev\u00e4t&nbsp;<strong>Sannah Nederg\u00e5rd&nbsp;<\/strong>(<em>Kylm\u00e4 kaus<\/em>i,&nbsp;<em>Lapin sota<\/em>) ja&nbsp;<strong>Mikko Kauppila<\/strong>&nbsp;(<em>Aikuiset<\/em>). Ruthin roolissa n\u00e4hd\u00e4\u00e4n Birthe&nbsp;<strong>Wingren<\/strong>&nbsp;(<em>Kristina fr\u00e5n Duvem\u00e5la<\/em>). Hurmaavia veljeksi\u00e4 Gottfridia ja Ivaria esittelev\u00e4t&nbsp;<strong>Riko Eklundh<\/strong>&nbsp;ja&nbsp;<strong>Nicke Lignell<\/strong>. Muissa keskeisiss\u00e4 rooleissa n\u00e4hd\u00e4\u00e4n&nbsp;<strong>Jakob Norrg\u00e5rd<\/strong>&nbsp;(KAJ-yhtyeest\u00e4),&nbsp;<strong>Tero Harjunniemi<\/strong>,&nbsp;<strong>Simon H\u00e4ger<\/strong>,&nbsp;<strong>Aaro Wichmann<\/strong>&nbsp;ja\u202f<strong>Josefin&nbsp;Sil\u00e9n<\/strong>.<\/p>\n\n\n\n<p class=\"wp-block-paragraph\">Colin Nutleyn\u202felokuva \u00c4nglag\u00e5rd sai ensi-iltansa vuonna 1992 ja nousi nopeasti suureksi yleis\u00f6menestykseksi. Kolmekymment\u00e4 vuotta my\u00f6hemmin \u00c4nglag\u00e5rd her\u00e4si uudelleen henkiin musikaalina Oscarsteaternissa Tukholmassa. Suureksi iloksemme t\u00e4m\u00e4 rakastettu musikaali saa nyt Suomen kantaesityksens\u00e4 Svenska Teaternilla!<\/p>\n\n\n\n<div class=\"wp-block-buttons is-layout-flex wp-block-buttons-is-layout-flex\">\n<div class=\"wp-block-button\"><a class=\"wp-block-button__link wp-element-button\" href=\"https:\/\/svenskateatern.fi\/fi\/ohjelmisto\/anglagard\/\">LUE LIS\u00c4\u00c4<\/a><\/div>\n\n\n\n<div class=\"wp-block-button\"><a class=\"wp-block-button__link wp-element-button\" href=\"https:\/\/biljetter.svenskateatern.fi\/fi\/buyingflow\/tickets\/12264\/\">OSTA LIPPUja<\/a><\/div>\n<\/div>\n\n\n                    <\/main>\n                <\/div>\n            <\/div>\n        <\/div>\n    <\/div>\n<\/section>\n\n\n\n<section class=\"block block-article-highlights container-fluid bg-white\">\n\t<div class=\"container\">\n\t\t\n\t\t<div class=\"row highlights\">\n\t\t\t\t\t\t\t\t\t\t\t<div class=\"col col-12 col-md-4\">\n\t\t\t\t\t\n<a class=\"card\" href=\"https:\/\/svenskateatern.fi\/fi\/anglagardin-sannah-nedergard-pienessa-kylassa-voi-myos-tulla-nahdyksi\/\" rel=\"no-opener\">\n\t<div class=\"image\" aria-hidden=\"true\">\n\t\t\t\t\t<img decoding=\"async\" src=\"https:\/\/svenskateatern.fi\/wp-content\/uploads\/2026\/09\/Sannah-Nedergard-WEB.jpg\" alt=\"\u00c4nglag\u00e5rdin Sannah Nederg\u00e5rd: \u201dPieness\u00e4 kyl\u00e4ss\u00e4 voi my\u00f6s tulla n\u00e4hdyksi\u201d\">\n\t\t\t<\/div>\n\t<div class=\"meta\">\n\t\t\t\t\t<span class=\"main-category\">Uutiset<\/span>\n\t\t\t\t<span class=\"date\">3.9.2026<\/span>\n\t<\/div>\n\t<h3 class=\"post-title\">\u00c4nglag\u00e5rdin Sannah Nederg\u00e5rd: \u201dPieness\u00e4 kyl\u00e4ss\u00e4 voi my\u00f6s tulla n\u00e4hdyksi\u201d<\/h3>\n<\/a>\n<div class=\"excerpt\">\u00c4nglag\u00e5rdissa Fanny ja Zac saapuvat kyl\u00e4\u00e4n, johon kukaan ei heit\u00e4 halua. Sannah Nederg\u00e5rd tunnistaa sek\u00e4 ep\u00e4luulon ett\u00e4 yhteishengen. Miss\u00e4 kulkee raja tarkkailtavana olemisen ja n\u00e4hdyksi tulemisen v\u00e4lill\u00e4?<\/div>\t\t\t\t<\/div>\n\t\t\t\t\t\t\t\t<div class=\"col col-12 col-md-4\">\n\t\t\t\t\t\n<a class=\"card\" href=\"https:\/\/svenskateatern.fi\/fi\/podcast-nattland-esittaa-epamukavia-kysymyksia\/\" rel=\"no-opener\">\n\t<div class=\"image\" aria-hidden=\"true\">\n\t\t\t\t\t<img decoding=\"async\" src=\"https:\/\/svenskateatern.fi\/wp-content\/uploads\/2026\/08\/Lipponen-Sako-01-artikel-1920x1080.jpg\" alt=\"Podcast: Nattland esitt\u00e4\u00e4 ep\u00e4mukavia kysymyksi\u00e4\">\n\t\t\t<\/div>\n\t<div class=\"meta\">\n\t\t\t\t\t<span class=\"main-category\">Uutiset<\/span>\n\t\t\t\t<span class=\"date\">28.8.2026<\/span>\n\t<\/div>\n\t<h3 class=\"post-title\">Podcast: Nattland esitt\u00e4\u00e4 ep\u00e4mukavia kysymyksi\u00e4<\/h3>\n<\/a>\n<div class=\"excerpt\">Miksi saksalaisessa kulttuurissa niin usein k\u00e4sitelty syyllisyys tuntuu j\u00e4\u00e4v\u00e4n kuitenkin lopulta k\u00e4sittelem\u00e4tt\u00e4? Miten vahva ja rohkea yhteiskunnallinen teatteri ei saa kuitenkaan sen suurempaa yhteiskunnallista vaikutusta aikaan? Vai saako?<\/div>\t\t\t\t<\/div>\n\t\t\t\t\t\t\t\t<div class=\"col col-12 col-md-4\">\n\t\t\t\t\t\n<a class=\"card\" href=\"https:\/\/svenskateatern.fi\/fi\/monet-hirviot-maalaavat-mielellaan\/\" rel=\"no-opener\">\n\t<div class=\"image\" aria-hidden=\"true\">\n\t\t\t\t\t<img decoding=\"async\" src=\"https:\/\/svenskateatern.fi\/wp-content\/uploads\/2026\/08\/Nattland-Taika_Mannila-grain-v2-1920x1200.jpg\" alt=\"Kolumni: Monet hirvi\u00f6t maalaavat mielell\u00e4\u00e4n\u00a0\">\n\t\t\t<\/div>\n\t<div class=\"meta\">\n\t\t\t\t\t<span class=\"main-category\">Uutiset<\/span>\n\t\t\t\t<span class=\"date\">18.8.2026<\/span>\n\t<\/div>\n\t<h3 class=\"post-title\">Kolumni: Monet hirvi\u00f6t maalaavat mielell\u00e4\u00e4n\u00a0<\/h3>\n<\/a>\n<div class=\"excerpt\">Monet hirvi\u00f6t haaveilevat taiteen tekemisest\u00e4. Viime kes\u00e4n\u00e4 er\u00e4iss\u00e4 h\u00e4iss\u00e4 p\u00f6yt\u00e4seurueeni muistutti minua siit\u00e4, ett\u00e4 Hitlerill\u00e4 oli todellisia haaveita taiteilijan urasta ja mit\u00e4 useampi niist\u00e4 murskaantui, sit\u00e4 katkerampi h\u00e4nest\u00e4 tuli. <\/div>\t\t\t\t<\/div>\n\t\t\t\t\t\t\t\t\t<\/div>\n\n\t\t<div class=\"row d-block d-md-none mobile-links\">\n\t\t\t<div class=\"col\">\n\t\t\t\t\t\t\t<\/div>\n\t\t<\/div>\n\t<\/div>\n<\/section>\n","protected":false},"excerpt":{"rendered":"<p>\u00c4nglag\u00e5rdissa Fanny ja Zac saapuvat kyl\u00e4\u00e4n, johon kukaan ei heit\u00e4 halua. Sannah Nederg\u00e5rd tunnistaa sek\u00e4 ep\u00e4luulon ett\u00e4 yhteishengen. Miss\u00e4 kulkee raja tarkkailtavana olemisen ja n\u00e4hdyksi tulemisen v\u00e4lill\u00e4?<\/p>\n","protected":false},"author":12,"featured_media":38618,"comment_status":"closed","ping_status":"closed","sticky":false,"template":"","format":"standard","meta":{"_acf_changed":false,"_relevanssi_hide_post":"","_relevanssi_hide_content":"","_relevanssi_pin_for_all":"","_relevanssi_pin_keywords":"","_relevanssi_unpin_keywords":"","_relevanssi_related_keywords":"","_relevanssi_related_include_ids":"","_relevanssi_related_exclude_ids":"","_relevanssi_related_no_append":"","_relevanssi_related_not_related":"","_relevanssi_related_posts":"33016,31979,21897,37245,37443,29932","_relevanssi_noindex_reason":"","footnotes":""},"categories":[1,1],"tags":[],"class_list":["post-38627","post","type-post","status-publish","format-standard","has-post-thumbnail","hentry","category-uutiset"],"acf":[],"yoast_head":"<!-- This site is optimized with the Yoast SEO plugin v28.1 - https:\/\/yoast.com\/product\/yoast-seo-wordpress\/ -->\n<title>\u00c4nglag\u00e5rdin Sannah Nederg\u00e5rd: \u201dPieness\u00e4 kyl\u00e4ss\u00e4 voi my\u00f6s tulla n\u00e4hdyksi\u201d - Svenska Teatern<\/title>\n<meta name=\"description\" content=\"\u00c4nglag\u00e5rdissa Fanny ja Zac saapuvat kyl\u00e4\u00e4n, johon kukaan ei heit\u00e4 halua. Sannah Nederg\u00e5rd tunnistaa sek\u00e4 ep\u00e4luulon ett\u00e4 yhteishengen. Miss\u00e4 kulkee raja tarkkailtavana olemisen ja n\u00e4hdyksi tulemisen v\u00e4lill\u00e4?\" \/>\n<meta name=\"robots\" content=\"index, follow, max-snippet:-1, max-image-preview:large, max-video-preview:-1\" \/>\n<link rel=\"canonical\" href=\"https:\/\/svenskateatern.fi\/fi\/anglagardin-sannah-nedergard-pienessa-kylassa-voi-myos-tulla-nahdyksi\/\" \/>\n<meta property=\"og:locale\" content=\"fi_FI\" \/>\n<meta property=\"og:type\" content=\"article\" \/>\n<meta property=\"og:title\" content=\"\u00c4nglag\u00e5rdin Sannah Nederg\u00e5rd: \u201dPieness\u00e4 kyl\u00e4ss\u00e4 voi my\u00f6s tulla n\u00e4hdyksi\u201d\" \/>\n<meta property=\"og:description\" content=\"\u00c4nglag\u00e5rdissa Fanny ja Zac saapuvat kyl\u00e4\u00e4n, johon kukaan ei heit\u00e4 halua. Sannah Nederg\u00e5rd tunnistaa sek\u00e4 ep\u00e4luulon ett\u00e4 yhteishengen. Miss\u00e4 kulkee raja tarkkailtavana olemisen ja n\u00e4hdyksi tulemisen v\u00e4lill\u00e4?\" \/>\n<meta property=\"og:url\" content=\"https:\/\/svenskateatern.fi\/fi\/anglagardin-sannah-nedergard-pienessa-kylassa-voi-myos-tulla-nahdyksi\/\" \/>\n<meta property=\"og:site_name\" content=\"Svenska Teatern\" \/>\n<meta property=\"article:published_time\" content=\"2026-09-03T14:30:56+00:00\" \/>\n<meta property=\"article:modified_time\" content=\"2026-09-03T14:51:39+00:00\" \/>\n<meta property=\"og:image\" content=\"https:\/\/svenskateatern.fi\/wp-content\/uploads\/2026\/09\/Sannah-Nedergard-WEB.jpg\" \/>\n\t<meta property=\"og:image:width\" content=\"1920\" \/>\n\t<meta property=\"og:image:height\" content=\"1280\" \/>\n\t<meta property=\"og:image:type\" content=\"image\/jpeg\" \/>\n<meta name=\"author\" content=\"david.lindstrom\" \/>\n<meta name=\"twitter:card\" content=\"summary_large_image\" \/>\n<meta name=\"twitter:label1\" content=\"Kirjoittanut\" \/>\n\t<meta name=\"twitter:data1\" content=\"david.lindstrom\" \/>\n\t<meta name=\"twitter:label2\" content=\"Arvioitu lukuaika\" \/>\n\t<meta name=\"twitter:data2\" content=\"13 minuuttia\" \/>\n<script type=\"application\/ld+json\" class=\"yoast-schema-graph\">{\"@context\":\"https:\\\/\\\/schema.org\",\"@graph\":[{\"@type\":\"Article\",\"@id\":\"https:\\\/\\\/svenskateatern.fi\\\/fi\\\/anglagardin-sannah-nedergard-pienessa-kylassa-voi-myos-tulla-nahdyksi\\\/#article\",\"isPartOf\":{\"@id\":\"https:\\\/\\\/svenskateatern.fi\\\/fi\\\/anglagardin-sannah-nedergard-pienessa-kylassa-voi-myos-tulla-nahdyksi\\\/\"},\"author\":{\"name\":\"david.lindstrom\",\"@id\":\"https:\\\/\\\/svenskateatern.fi\\\/fi\\\/#\\\/schema\\\/person\\\/148514734584b911962a6d2c8e627fef\"},\"headline\":\"\u00c4nglag\u00e5rdin Sannah Nederg\u00e5rd: \u201dPieness\u00e4 kyl\u00e4ss\u00e4 voi my\u00f6s tulla n\u00e4hdyksi\u201d\",\"datePublished\":\"2026-09-03T14:30:56+00:00\",\"dateModified\":\"2026-09-03T14:51:39+00:00\",\"mainEntityOfPage\":{\"@id\":\"https:\\\/\\\/svenskateatern.fi\\\/fi\\\/anglagardin-sannah-nedergard-pienessa-kylassa-voi-myos-tulla-nahdyksi\\\/\"},\"wordCount\":1141,\"image\":{\"@id\":\"https:\\\/\\\/svenskateatern.fi\\\/fi\\\/anglagardin-sannah-nedergard-pienessa-kylassa-voi-myos-tulla-nahdyksi\\\/#primaryimage\"},\"thumbnailUrl\":\"https:\\\/\\\/svenskateatern.fi\\\/wp-content\\\/uploads\\\/2026\\\/09\\\/Sannah-Nedergard-WEB.jpg\",\"articleSection\":[\"Uutiset\",\"Uutiset\"],\"inLanguage\":\"fi\"},{\"@type\":\"WebPage\",\"@id\":\"https:\\\/\\\/svenskateatern.fi\\\/fi\\\/anglagardin-sannah-nedergard-pienessa-kylassa-voi-myos-tulla-nahdyksi\\\/\",\"url\":\"https:\\\/\\\/svenskateatern.fi\\\/fi\\\/anglagardin-sannah-nedergard-pienessa-kylassa-voi-myos-tulla-nahdyksi\\\/\",\"name\":\"\u00c4nglag\u00e5rdin Sannah Nederg\u00e5rd: \u201dPieness\u00e4 kyl\u00e4ss\u00e4 voi my\u00f6s tulla n\u00e4hdyksi\u201d - Svenska Teatern\",\"isPartOf\":{\"@id\":\"https:\\\/\\\/svenskateatern.fi\\\/fi\\\/#website\"},\"primaryImageOfPage\":{\"@id\":\"https:\\\/\\\/svenskateatern.fi\\\/fi\\\/anglagardin-sannah-nedergard-pienessa-kylassa-voi-myos-tulla-nahdyksi\\\/#primaryimage\"},\"image\":{\"@id\":\"https:\\\/\\\/svenskateatern.fi\\\/fi\\\/anglagardin-sannah-nedergard-pienessa-kylassa-voi-myos-tulla-nahdyksi\\\/#primaryimage\"},\"thumbnailUrl\":\"https:\\\/\\\/svenskateatern.fi\\\/wp-content\\\/uploads\\\/2026\\\/09\\\/Sannah-Nedergard-WEB.jpg\",\"datePublished\":\"2026-09-03T14:30:56+00:00\",\"dateModified\":\"2026-09-03T14:51:39+00:00\",\"author\":{\"@id\":\"https:\\\/\\\/svenskateatern.fi\\\/fi\\\/#\\\/schema\\\/person\\\/148514734584b911962a6d2c8e627fef\"},\"description\":\"\u00c4nglag\u00e5rdissa Fanny ja Zac saapuvat kyl\u00e4\u00e4n, johon kukaan ei heit\u00e4 halua. Sannah Nederg\u00e5rd tunnistaa sek\u00e4 ep\u00e4luulon ett\u00e4 yhteishengen. Miss\u00e4 kulkee raja tarkkailtavana olemisen ja n\u00e4hdyksi tulemisen v\u00e4lill\u00e4?\",\"breadcrumb\":{\"@id\":\"https:\\\/\\\/svenskateatern.fi\\\/fi\\\/anglagardin-sannah-nedergard-pienessa-kylassa-voi-myos-tulla-nahdyksi\\\/#breadcrumb\"},\"inLanguage\":\"fi\",\"potentialAction\":[{\"@type\":\"ReadAction\",\"target\":[\"https:\\\/\\\/svenskateatern.fi\\\/fi\\\/anglagardin-sannah-nedergard-pienessa-kylassa-voi-myos-tulla-nahdyksi\\\/\"]}]},{\"@type\":\"ImageObject\",\"inLanguage\":\"fi\",\"@id\":\"https:\\\/\\\/svenskateatern.fi\\\/fi\\\/anglagardin-sannah-nedergard-pienessa-kylassa-voi-myos-tulla-nahdyksi\\\/#primaryimage\",\"url\":\"https:\\\/\\\/svenskateatern.fi\\\/wp-content\\\/uploads\\\/2026\\\/09\\\/Sannah-Nedergard-WEB.jpg\",\"contentUrl\":\"https:\\\/\\\/svenskateatern.fi\\\/wp-content\\\/uploads\\\/2026\\\/09\\\/Sannah-Nedergard-WEB.jpg\",\"width\":1920,\"height\":1280,\"caption\":\"Portr\u00e4tt av Sannah Nederg\u00e5rd i gr\u00f6n- och vitrandig skjorta sittande vid ett f\u00f6nster. Personen \u00e4r v\u00e4nd mot kameran och fotograferad i mjukt, varmt ljus. I bakgrunden syns ett ombonat inomhusrum med oskarpa ljuspunkter och m\u00f6rka tr\u00e4detaljer.\"},{\"@type\":\"BreadcrumbList\",\"@id\":\"https:\\\/\\\/svenskateatern.fi\\\/fi\\\/anglagardin-sannah-nedergard-pienessa-kylassa-voi-myos-tulla-nahdyksi\\\/#breadcrumb\",\"itemListElement\":[{\"@type\":\"ListItem\",\"position\":1,\"name\":\"Etusivu\",\"item\":\"https:\\\/\\\/svenskateatern.fi\\\/fi\\\/\"},{\"@type\":\"ListItem\",\"position\":2,\"name\":\"\u00c4nglag\u00e5rdin Sannah Nederg\u00e5rd: \u201dPieness\u00e4 kyl\u00e4ss\u00e4 voi my\u00f6s tulla n\u00e4hdyksi\u201d\"}]},{\"@type\":\"WebSite\",\"@id\":\"https:\\\/\\\/svenskateatern.fi\\\/fi\\\/#website\",\"url\":\"https:\\\/\\\/svenskateatern.fi\\\/fi\\\/\",\"name\":\"Svenska Teatern\",\"description\":\"\",\"potentialAction\":[{\"@type\":\"SearchAction\",\"target\":{\"@type\":\"EntryPoint\",\"urlTemplate\":\"https:\\\/\\\/svenskateatern.fi\\\/fi\\\/?s={search_term_string}\"},\"query-input\":{\"@type\":\"PropertyValueSpecification\",\"valueRequired\":true,\"valueName\":\"search_term_string\"}}],\"inLanguage\":\"fi\"},{\"@type\":\"Person\",\"@id\":\"https:\\\/\\\/svenskateatern.fi\\\/fi\\\/#\\\/schema\\\/person\\\/148514734584b911962a6d2c8e627fef\",\"name\":\"david.lindstrom\",\"image\":{\"@type\":\"ImageObject\",\"inLanguage\":\"fi\",\"@id\":\"https:\\\/\\\/secure.gravatar.com\\\/avatar\\\/5f4010a4cf4e856baa476e9a6fd317ecf5c5d6bdfe9acbc22592b389e62d3d86?s=96&d=mm&r=g\",\"url\":\"https:\\\/\\\/secure.gravatar.com\\\/avatar\\\/5f4010a4cf4e856baa476e9a6fd317ecf5c5d6bdfe9acbc22592b389e62d3d86?s=96&d=mm&r=g\",\"contentUrl\":\"https:\\\/\\\/secure.gravatar.com\\\/avatar\\\/5f4010a4cf4e856baa476e9a6fd317ecf5c5d6bdfe9acbc22592b389e62d3d86?s=96&d=mm&r=g\",\"caption\":\"david.lindstrom\"}}]}<\/script>\n<!-- \/ Yoast SEO plugin. -->","yoast_head_json":{"title":"\u00c4nglag\u00e5rdin Sannah Nederg\u00e5rd: \u201dPieness\u00e4 kyl\u00e4ss\u00e4 voi my\u00f6s tulla n\u00e4hdyksi\u201d - Svenska Teatern","description":"\u00c4nglag\u00e5rdissa Fanny ja Zac saapuvat kyl\u00e4\u00e4n, johon kukaan ei heit\u00e4 halua. Sannah Nederg\u00e5rd tunnistaa sek\u00e4 ep\u00e4luulon ett\u00e4 yhteishengen. Miss\u00e4 kulkee raja tarkkailtavana olemisen ja n\u00e4hdyksi tulemisen v\u00e4lill\u00e4?","robots":{"index":"index","follow":"follow","max-snippet":"max-snippet:-1","max-image-preview":"max-image-preview:large","max-video-preview":"max-video-preview:-1"},"canonical":"https:\/\/svenskateatern.fi\/fi\/anglagardin-sannah-nedergard-pienessa-kylassa-voi-myos-tulla-nahdyksi\/","og_locale":"fi_FI","og_type":"article","og_title":"\u00c4nglag\u00e5rdin Sannah Nederg\u00e5rd: \u201dPieness\u00e4 kyl\u00e4ss\u00e4 voi my\u00f6s tulla n\u00e4hdyksi\u201d","og_description":"\u00c4nglag\u00e5rdissa Fanny ja Zac saapuvat kyl\u00e4\u00e4n, johon kukaan ei heit\u00e4 halua. Sannah Nederg\u00e5rd tunnistaa sek\u00e4 ep\u00e4luulon ett\u00e4 yhteishengen. Miss\u00e4 kulkee raja tarkkailtavana olemisen ja n\u00e4hdyksi tulemisen v\u00e4lill\u00e4?","og_url":"https:\/\/svenskateatern.fi\/fi\/anglagardin-sannah-nedergard-pienessa-kylassa-voi-myos-tulla-nahdyksi\/","og_site_name":"Svenska Teatern","article_published_time":"2026-09-03T14:30:56+00:00","article_modified_time":"2026-09-03T14:51:39+00:00","og_image":[{"width":1920,"height":1280,"url":"https:\/\/svenskateatern.fi\/wp-content\/uploads\/2026\/09\/Sannah-Nedergard-WEB.jpg","type":"image\/jpeg"}],"author":"david.lindstrom","twitter_card":"summary_large_image","twitter_misc":{"Kirjoittanut":"david.lindstrom","Arvioitu lukuaika":"13 minuuttia"},"schema":{"@context":"https:\/\/schema.org","@graph":[{"@type":"Article","@id":"https:\/\/svenskateatern.fi\/fi\/anglagardin-sannah-nedergard-pienessa-kylassa-voi-myos-tulla-nahdyksi\/#article","isPartOf":{"@id":"https:\/\/svenskateatern.fi\/fi\/anglagardin-sannah-nedergard-pienessa-kylassa-voi-myos-tulla-nahdyksi\/"},"author":{"name":"david.lindstrom","@id":"https:\/\/svenskateatern.fi\/fi\/#\/schema\/person\/148514734584b911962a6d2c8e627fef"},"headline":"\u00c4nglag\u00e5rdin Sannah Nederg\u00e5rd: \u201dPieness\u00e4 kyl\u00e4ss\u00e4 voi my\u00f6s tulla n\u00e4hdyksi\u201d","datePublished":"2026-09-03T14:30:56+00:00","dateModified":"2026-09-03T14:51:39+00:00","mainEntityOfPage":{"@id":"https:\/\/svenskateatern.fi\/fi\/anglagardin-sannah-nedergard-pienessa-kylassa-voi-myos-tulla-nahdyksi\/"},"wordCount":1141,"image":{"@id":"https:\/\/svenskateatern.fi\/fi\/anglagardin-sannah-nedergard-pienessa-kylassa-voi-myos-tulla-nahdyksi\/#primaryimage"},"thumbnailUrl":"https:\/\/svenskateatern.fi\/wp-content\/uploads\/2026\/09\/Sannah-Nedergard-WEB.jpg","articleSection":["Uutiset","Uutiset"],"inLanguage":"fi"},{"@type":"WebPage","@id":"https:\/\/svenskateatern.fi\/fi\/anglagardin-sannah-nedergard-pienessa-kylassa-voi-myos-tulla-nahdyksi\/","url":"https:\/\/svenskateatern.fi\/fi\/anglagardin-sannah-nedergard-pienessa-kylassa-voi-myos-tulla-nahdyksi\/","name":"\u00c4nglag\u00e5rdin Sannah Nederg\u00e5rd: \u201dPieness\u00e4 kyl\u00e4ss\u00e4 voi my\u00f6s tulla n\u00e4hdyksi\u201d - Svenska Teatern","isPartOf":{"@id":"https:\/\/svenskateatern.fi\/fi\/#website"},"primaryImageOfPage":{"@id":"https:\/\/svenskateatern.fi\/fi\/anglagardin-sannah-nedergard-pienessa-kylassa-voi-myos-tulla-nahdyksi\/#primaryimage"},"image":{"@id":"https:\/\/svenskateatern.fi\/fi\/anglagardin-sannah-nedergard-pienessa-kylassa-voi-myos-tulla-nahdyksi\/#primaryimage"},"thumbnailUrl":"https:\/\/svenskateatern.fi\/wp-content\/uploads\/2026\/09\/Sannah-Nedergard-WEB.jpg","datePublished":"2026-09-03T14:30:56+00:00","dateModified":"2026-09-03T14:51:39+00:00","author":{"@id":"https:\/\/svenskateatern.fi\/fi\/#\/schema\/person\/148514734584b911962a6d2c8e627fef"},"description":"\u00c4nglag\u00e5rdissa Fanny ja Zac saapuvat kyl\u00e4\u00e4n, johon kukaan ei heit\u00e4 halua. Sannah Nederg\u00e5rd tunnistaa sek\u00e4 ep\u00e4luulon ett\u00e4 yhteishengen. Miss\u00e4 kulkee raja tarkkailtavana olemisen ja n\u00e4hdyksi tulemisen v\u00e4lill\u00e4?","breadcrumb":{"@id":"https:\/\/svenskateatern.fi\/fi\/anglagardin-sannah-nedergard-pienessa-kylassa-voi-myos-tulla-nahdyksi\/#breadcrumb"},"inLanguage":"fi","potentialAction":[{"@type":"ReadAction","target":["https:\/\/svenskateatern.fi\/fi\/anglagardin-sannah-nedergard-pienessa-kylassa-voi-myos-tulla-nahdyksi\/"]}]},{"@type":"ImageObject","inLanguage":"fi","@id":"https:\/\/svenskateatern.fi\/fi\/anglagardin-sannah-nedergard-pienessa-kylassa-voi-myos-tulla-nahdyksi\/#primaryimage","url":"https:\/\/svenskateatern.fi\/wp-content\/uploads\/2026\/09\/Sannah-Nedergard-WEB.jpg","contentUrl":"https:\/\/svenskateatern.fi\/wp-content\/uploads\/2026\/09\/Sannah-Nedergard-WEB.jpg","width":1920,"height":1280,"caption":"Portr\u00e4tt av Sannah Nederg\u00e5rd i gr\u00f6n- och vitrandig skjorta sittande vid ett f\u00f6nster. Personen \u00e4r v\u00e4nd mot kameran och fotograferad i mjukt, varmt ljus. I bakgrunden syns ett ombonat inomhusrum med oskarpa ljuspunkter och m\u00f6rka tr\u00e4detaljer."},{"@type":"BreadcrumbList","@id":"https:\/\/svenskateatern.fi\/fi\/anglagardin-sannah-nedergard-pienessa-kylassa-voi-myos-tulla-nahdyksi\/#breadcrumb","itemListElement":[{"@type":"ListItem","position":1,"name":"Etusivu","item":"https:\/\/svenskateatern.fi\/fi\/"},{"@type":"ListItem","position":2,"name":"\u00c4nglag\u00e5rdin Sannah Nederg\u00e5rd: \u201dPieness\u00e4 kyl\u00e4ss\u00e4 voi my\u00f6s tulla n\u00e4hdyksi\u201d"}]},{"@type":"WebSite","@id":"https:\/\/svenskateatern.fi\/fi\/#website","url":"https:\/\/svenskateatern.fi\/fi\/","name":"Svenska Teatern","description":"","potentialAction":[{"@type":"SearchAction","target":{"@type":"EntryPoint","urlTemplate":"https:\/\/svenskateatern.fi\/fi\/?s={search_term_string}"},"query-input":{"@type":"PropertyValueSpecification","valueRequired":true,"valueName":"search_term_string"}}],"inLanguage":"fi"},{"@type":"Person","@id":"https:\/\/svenskateatern.fi\/fi\/#\/schema\/person\/148514734584b911962a6d2c8e627fef","name":"david.lindstrom","image":{"@type":"ImageObject","inLanguage":"fi","@id":"https:\/\/secure.gravatar.com\/avatar\/5f4010a4cf4e856baa476e9a6fd317ecf5c5d6bdfe9acbc22592b389e62d3d86?s=96&d=mm&r=g","url":"https:\/\/secure.gravatar.com\/avatar\/5f4010a4cf4e856baa476e9a6fd317ecf5c5d6bdfe9acbc22592b389e62d3d86?s=96&d=mm&r=g","contentUrl":"https:\/\/secure.gravatar.com\/avatar\/5f4010a4cf4e856baa476e9a6fd317ecf5c5d6bdfe9acbc22592b389e62d3d86?s=96&d=mm&r=g","caption":"david.lindstrom"}}]}},"_links":{"self":[{"href":"https:\/\/svenskateatern.fi\/fi\/wp-json\/wp\/v2\/posts\/38627","targetHints":{"allow":["GET"]}}],"collection":[{"href":"https:\/\/svenskateatern.fi\/fi\/wp-json\/wp\/v2\/posts"}],"about":[{"href":"https:\/\/svenskateatern.fi\/fi\/wp-json\/wp\/v2\/types\/post"}],"author":[{"embeddable":true,"href":"https:\/\/svenskateatern.fi\/fi\/wp-json\/wp\/v2\/users\/12"}],"replies":[{"embeddable":true,"href":"https:\/\/svenskateatern.fi\/fi\/wp-json\/wp\/v2\/comments?post=38627"}],"version-history":[{"count":4,"href":"https:\/\/svenskateatern.fi\/fi\/wp-json\/wp\/v2\/posts\/38627\/revisions"}],"predecessor-version":[{"id":38633,"href":"https:\/\/svenskateatern.fi\/fi\/wp-json\/wp\/v2\/posts\/38627\/revisions\/38633"}],"wp:featuredmedia":[{"embeddable":true,"href":"https:\/\/svenskateatern.fi\/fi\/wp-json\/wp\/v2\/media\/38618"}],"wp:attachment":[{"href":"https:\/\/svenskateatern.fi\/fi\/wp-json\/wp\/v2\/media?parent=38627"}],"wp:term":[{"taxonomy":"category","embeddable":true,"href":"https:\/\/svenskateatern.fi\/fi\/wp-json\/wp\/v2\/categories?post=38627"},{"taxonomy":"post_tag","embeddable":true,"href":"https:\/\/svenskateatern.fi\/fi\/wp-json\/wp\/v2\/tags?post=38627"}],"curies":[{"name":"wp","href":"https:\/\/api.w.org\/{rel}","templated":true}]}}