{"id":36138,"date":"2026-04-29T09:55:14","date_gmt":"2026-04-29T06:55:14","guid":{"rendered":"https:\/\/svenskateatern.fi\/?p=36138"},"modified":"2026-04-29T14:02:24","modified_gmt":"2026-04-29T11:02:24","slug":"onko-taalla-kuuma-anna-hultinin-kehuttu-vaihdevuosimonologi-nyt-suomeksi","status":"publish","type":"post","link":"https:\/\/svenskateatern.fi\/fi\/onko-taalla-kuuma-anna-hultinin-kehuttu-vaihdevuosimonologi-nyt-suomeksi\/","title":{"rendered":"Onko t\u00e4\u00e4ll\u00e4 kuuma? \u2013 Anna Hultinin kehuttu vaihdevuosimonologi nyt suomeksi"},"content":{"rendered":"<section id=\"block_ea55903f7ae0e12b548e253915677ba8_69f1fcda0a77d\" class=\"block block-content-wrapper container-fluid bg-white container-fluid\">\n\t<div class=\"container\n\t\t\tshow-all\"\n\t\t>\n\t\t<div class=\"row\">\n\t\t\t<div class=\"col-12 col-lg-8 offset-lg-2 col-hd-6 offset-hd-3\">\n\t\t\t\t<main class=\"entry-content\">\n\t\t\t\t\t\n\n<p class=\"is-style-lead\">Svenska Teatern tuo syksyll\u00e4 n\u00e4ytt\u00e4m\u00f6lle Anna Hultinin kehutun vaihdevuosimonologin <em>Onko t\u00e4\u00e4ll\u00e4 kuuma?<\/em> \u2013 teoksen, jolla on vahva tunnistettavuus ja joka on jo viiden vuoden ajan saanut runsaasti kiitosta sek\u00e4 Suomessa ett\u00e4 Ruotsissa nimell\u00e4 <em>\u00c4r det hett h\u00e4r?.<\/em> Esitys n\u00e4hd\u00e4\u00e4n nyt ensimm\u00e4ist\u00e4 kertaa suomeksi Helsingiss\u00e4.<\/p>\n\n\n\n<figure class=\"wp-block-embed is-type-video is-provider-youtube wp-block-embed-youtube wp-embed-aspect-16-9 wp-has-aspect-ratio\"><div class=\"wp-block-embed__wrapper\">\n<div class=\"oembed oembed-youtube\">  <div class='consent-placeholder cookieconsent-optout-marketing' onclick='Cookiebot.renew()'>  <img src='https:\/\/i.ytimg.com\/vi\/nPRkAJJppaA\/hqdefault.jpg' alt=''>  <div class='text-and-button'>  <p class='consent-text'><\/p>  <button type='button' class='wp-block-button__link'><\/button>  <\/div>  <\/div><iframe title=\"Onko t\u00e4\u00e4ll\u00e4 kuuma? teaser\" width=\"840\" height=\"473\" data-cookieblock-src=\"https:\/\/www.youtube.com\/embed\/nPRkAJJppaA?feature=oembed&#038;autoplay=1&#038;mute=1\" data-cookieconsent=\"marketing\" frameborder=\"0\" allow=\"accelerometer; autoplay; clipboard-write; encrypted-media; gyroscope; picture-in-picture; web-share\" referrerpolicy=\"strict-origin-when-cross-origin\" allowfullscreen><\/iframe><\/div>\n<\/div><\/figure>\n\n\n\n<h2 class=\"wp-block-heading\">\u201d<em>Moni on tullut luokseni ja toivonut, ett\u00e4 teos esitett\u00e4isiin my\u00f6s suomeksi<\/em>\u201d<\/h2>\n\n\n\n<p>Monet naiset kamppailevat vaihdevuosien keskell\u00e4 ilman selke\u00e4\u00e4 tietoa tai tukea. Hultinin monologi vastaa t\u00e4h\u00e4n tarpeeseen ja tarjoaa tietoa, vertaistukea, naurua ja oivalluksia.<\/p>\n\n\n\n<p><strong>Miksi siis Onko t\u00e4\u00e4ll\u00e4 kuuma? nyt suomeksi?<\/strong><\/p>\n\n\n\n<p>N\u00e4yttelij\u00e4 ja k\u00e4sikirjoittaja Anna Hultin kertoo, ett\u00e4 idea suomenkielisest\u00e4 versiosta tuli suoraan yleis\u00f6lt\u00e4.<\/p>\n\n\n\n<p><em>\u201dYksinkertaisesti siksi, ett\u00e4 vuosien varrella niin moni on tullut luokseni ja toivonut, ett\u00e4 teos esitett\u00e4isiin my\u00f6s suomeksi. Tavoitamme kyll\u00e4 jonkin verran suomenkielist\u00e4 yleis\u00f6\u00e4, mutta monesta tuntuu, ettei oma ruotsin kielen taito ole riitt\u00e4v\u00e4n hyv\u00e4 \u2013 vaikka esitykset tekstitet\u00e4\u00e4n suomeksi.\u201d<\/em><br><br>Hultin tiet\u00e4\u00e4, ett\u00e4 teos toimii loistavasti my\u00f6s suomeksi: h\u00e4nen kollegansa Katri-Maria Peltola on esitt\u00e4nyt sit\u00e4 aiemmin Kuopion kaupunginteatterissa, ja vastaanotto oli yht\u00e4 innostunut kuin ruotsiksikin.<em><br><em><br><\/em><\/em><\/p>\n\n\n\n<figure class=\"wp-block-image size-full\"><img loading=\"lazy\" decoding=\"async\" width=\"799\" height=\"533\" src=\"https:\/\/svenskateatern.fi\/wp-content\/uploads\/2026\/04\/Ar_det-hett_har.jpg\" alt=\"Anna Hultin st\u00e5r p\u00e5 scen med upp\u00e5tv\u00e4nt ansikte och h\u00e4nderna \u00f6ppna framf\u00f6r kroppen. Hen b\u00e4r en m\u00f6rk skjorta. Bakom syns en m\u00f6rk, oval form mot en varmtonad bakgrund. Bilden \u00e4r fr\u00e5n f\u00f6rest\u00e4llningen \u201d\u00c4r det hett h\u00e4r?\u201d.\" class=\"wp-image-36094\" srcset=\"https:\/\/svenskateatern.fi\/wp-content\/uploads\/2026\/04\/Ar_det-hett_har.jpg 799w, https:\/\/svenskateatern.fi\/wp-content\/uploads\/2026\/04\/Ar_det-hett_har-300x200.jpg 300w, https:\/\/svenskateatern.fi\/wp-content\/uploads\/2026\/04\/Ar_det-hett_har-768x512.jpg 768w\" sizes=\"auto, (max-width: 575px) 100vw, (max-width: 767px) 510px, (max-width: 991px) 290px, (max-width: 1199px) 530px, 799px\" \/><\/figure>\n\n\n\n<h2 class=\"wp-block-heading\"><strong>Tietopula vaihdevuosista on todellinen \u2013 ja yll\u00e4tt\u00e4v\u00e4n suuri<\/strong><\/h2>\n\n\n\n<p>Hultinin ty\u00f6 l\u00e4hti liikkeelle omasta kokemuksesta:<br>mit\u00e4 enemm\u00e4n h\u00e4n etsi tietoa, sit\u00e4 selvemm\u00e4ksi k\u00e4vi, kuinka v\u00e4h\u00e4n kokonaisvaltaista ja ymm\u00e4rrett\u00e4v\u00e4\u00e4 tietoa vaihdevuosista oli tarjolla.<\/p>\n\n\n\n<p><em>\u201cMeill\u00e4 on esimerkiksi estrogeenireseptoreita kaikkialla kehossa, ja hormonitasojen muuttuessa keho reagoi siihen monin eri tavoin. Monet oireet koetaan \u2019mystisin\u00e4\u2019;<\/em><em> emme ymm\u00e4rr\u00e4, ett\u00e4 ne liittyv\u00e4t vaihdevuosiin.\u201d<\/em><\/p>\n\n\n\n<p>Monologi perustuu laajaan tutkimukseen, l\u00e4\u00e4k\u00e4rien haastatteluihin ja satoihin keskusteluihin eri-ik\u00e4isten naisten kanssa.<\/p>\n\n\n\n<figure class=\"wp-block-image size-full\"><img loading=\"lazy\" decoding=\"async\" width=\"1170\" height=\"921\" src=\"https:\/\/svenskateatern.fi\/wp-content\/uploads\/2023\/09\/onkotallakuuma.jpg\" alt=\"\" class=\"wp-image-14608\" srcset=\"https:\/\/svenskateatern.fi\/wp-content\/uploads\/2023\/09\/onkotallakuuma.jpg 1170w, https:\/\/svenskateatern.fi\/wp-content\/uploads\/2023\/09\/onkotallakuuma-300x236.jpg 300w, https:\/\/svenskateatern.fi\/wp-content\/uploads\/2023\/09\/onkotallakuuma-1024x806.jpg 1024w, https:\/\/svenskateatern.fi\/wp-content\/uploads\/2023\/09\/onkotallakuuma-768x605.jpg 768w\" sizes=\"auto, (max-width: 575px) 100vw, (max-width: 767px) 510px, (max-width: 991px) 290px, (max-width: 1199px) 530px, 840px\" \/><figcaption class=\"wp-element-caption\">Anna Hultinin kollega <strong>Katri\u2011Maria Peltola<\/strong> on jo esitt\u00e4nyt teoksen Kuopion kaupunginteatterissa, ja vastaanotto oli aivan yht\u00e4 hyv\u00e4 kuin ruotsinkielisess\u00e4 versiossa. Nyt Anna Hultin seisoo itse n\u00e4ytt\u00e4m\u00f6ll\u00e4 ja haluaa tarjota saman mahdollisuuden my\u00f6s helsinkil\u00e4iselle suomenkieliselle yleis\u00f6lle.<\/figcaption><\/figure>\n\n\n\n<h2 class=\"wp-block-heading\"><strong><strong>Yleis\u00f6n palaute on ollut pys\u00e4ytt\u00e4v\u00e4\u00e4<\/strong><\/strong><\/h2>\n\n\n\n<p>Hultinin mukaan palaute on osoittanut, miten valtava tarve t\u00e4llaiselle esitykselle on.<\/p>\n\n\n\n<p><em>\u201cJos yksikin katsoja l\u00e4htee kotiin helpottuneena siit\u00e4, ettei ole \u2019tulossa hulluksi\u2019, vaan ett\u00e4 oireille on selitys, olen onnistunut.\u201d<\/em><\/p>\n\n\n\n<p><strong>Onko jokin palaute, joka on j\u00e4\u00e4nyt sinulle erityisen vahvasti mieleen?<\/strong><\/p>\n\n\n\n<p><em><br>\u201cRuotsissa er\u00e4s mies tuli kyynelsilmin esityksen j\u00e4lkeen kertomaan, ett\u00e4 h\u00e4n ja h\u00e4nen vaimonsa eiv\u00e4t ehk\u00e4 olisi eronneet, jos he olisivat n\u00e4hneet t\u00e4m\u00e4n yhdess\u00e4. Se kertoo, miten suuri vaikutus tiedolla ja ymm\u00e4rryksell\u00e4 voi olla parisuhteeseen ja yhteiseen arkeen.\u201d<br><br>\u201cOn selv\u00e4\u00e4, ettei esitys ole tarkoitettu vain naisille. My\u00f6s miehet saavat siit\u00e4 paljon iloa \u2013 ja heid\u00e4n el\u00e4m\u00e4ns\u00e4 helpottuu, kun he ymm\u00e4rt\u00e4v\u00e4t paremmin ymp\u00e4rill\u00e4\u00e4n olevia naisia.\u201d<\/em><\/p>\n\n\n\n<figure class=\"wp-block-embed is-type-video is-provider-youtube wp-block-embed-youtube wp-embed-aspect-16-9 wp-has-aspect-ratio\"><div class=\"wp-block-embed__wrapper\">\n<div class=\"oembed oembed-youtube\">  <div class='consent-placeholder cookieconsent-optout-marketing' onclick='Cookiebot.renew()'>  <img src='https:\/\/i.ytimg.com\/vi\/q8XCwP5bbf8\/hqdefault.jpg' alt=''>  <div class='text-and-button'>  <p class='consent-text'><\/p>  <button type='button' class='wp-block-button__link'><\/button>  <\/div>  <\/div><iframe title=\"Jannakonda Music Video\" width=\"840\" height=\"473\" data-cookieblock-src=\"https:\/\/www.youtube.com\/embed\/q8XCwP5bbf8?feature=oembed&#038;autoplay=1&#038;mute=1\" data-cookieconsent=\"marketing\" frameborder=\"0\" allow=\"accelerometer; autoplay; clipboard-write; encrypted-media; gyroscope; picture-in-picture; web-share\" referrerpolicy=\"strict-origin-when-cross-origin\" allowfullscreen><\/iframe><\/div>\n<\/div><\/figure>\n\n\n\n<h2 class=\"wp-block-heading\"><strong><strong>Nyt my\u00f6s suomenkielinen yleis\u00f6 p\u00e4\u00e4see mukaan<\/strong><\/strong><\/h2>\n\n\n\n<p>Hultin uskoo, ett\u00e4 <em>Onko t\u00e4\u00e4ll\u00e4 kuuma?<\/em> voi auttaa monia suomalaisia naisia ymm\u00e4rt\u00e4m\u00e4\u00e4n itse\u00e4\u00e4n ja kehoaan paremmin \u2013 ja murtaa sit\u00e4 hiljaisuuden kulttuuria, joka edelleen liittyy vaihdevuosiin.<\/p>\n\n\n\n<p><em>\u201dHaaveenani on, ett\u00e4 kaikilla 35\u201340+ ik\u00e4isill\u00e4 naisilla olisi kunnollista, luotettavaa tietoa vaihdevuosista. Ja ett\u00e4 yhteiskunta ottaisi naisten terveyden vakavasti \u2013 t\u00e4m\u00e4 koskee meit\u00e4 kaikkia. Kyse on siis yhteiskunnallisesta tarpeesta.\u201d<\/em><\/p>\n\n\n\n<p><em>\u201dOn k\u00e4sitt\u00e4m\u00e4t\u00f6nt\u00e4, ett\u00e4 vain seuraamme sivusta, kun joka kymmenes nainen joutuu j\u00e4\u00e4m\u00e4\u00e4n ennenaikaisesti pois ty\u00f6el\u00e4m\u00e4st\u00e4 siksi, ett\u00e4 ty\u00f6el\u00e4m\u00e4 on rakennettu sodanj\u00e4lkeisten, miehisten normien mukaan eik\u00e4 ota huomioon sit\u00e4, ett\u00e4 naisen fysiologia poikkeaa miehen fysiologiasta.\u201d<\/em><\/p>\n\n\n\n<p><em>\u201dOlen iloinen saadessani esitt\u00e4\u00e4 teoksen \u00b4Onko t\u00e4\u00e4ll\u00e4 kuuma?\u00b4 t\u00e4n\u00e4 syksyn\u00e4 suomeksi. N\u00e4en sen sisarteoksena \u00c4r det hett h\u00e4r? -esitykselle<\/em>.<em> Kaikki, joilla on kohtu, k\u00e4yv\u00e4t l\u00e4pi vaihdevuodet kielest\u00e4 riippumatta.\u201d<\/em><br><br>Teksti: <strong>David Lindstr\u00f6m<\/strong><\/p>\n\n\n\n<p><br><strong>Onko t\u00e4\u00e4ll\u00e4 kuuma? ohjelmistossa 19.11.-30.12.2026. Lipunmyynti alkaa 6.5. <br><\/strong><\/p>\n\n\n\t\t\t\t<\/main>\n\t\t\t<\/div>\n\t\t<\/div>\n\n\t\t\n\t<\/div>\n<\/section>\n\n\n\n<section class=\"block block-image-beside-content container-fluid container-fluid bg-black\">\n    <div class=\"container\">\n        <div class=\"row flex-md-row-reverse\">\n            <div class=\"col-12 col-md-6 image-col\">\n                <div class=\"align-items-center\">\n                                            <img decoding=\"async\" src=\"https:\/\/svenskateatern.fi\/wp-content\/uploads\/2022\/09\/Joachim-Thibblin-webb.jpg\" width=\"400\" height=\"500\" alt=\"Teatterijohtaja Joachim Thibblin\" loading=\"lazy\">                                    <\/div>\n            <\/div>\n            <div class=\"col-12 col-md-6 text-col\">\n                <div class=\"align-items-center\">\n                    <main class=\"entry-content\">\n                        \n\n<h2 class=\"wp-block-heading\"><strong><br><strong>Teatterinjohtaja Joachim Thibblin: Miksi esitys n\u00e4hd\u00e4\u00e4n nyt suomeksi?<\/strong><\/strong><\/h2>\n\n\n\n<p><em>\u201cOnko t\u00e4\u00e4ll\u00e4 kuuma? k\u00e4sittelee aihetta, joka koskettaa valtavan monia Suomessa. Kun kyse on naisten terveydest\u00e4 ja tiedon puutteesta, haluamme varmistaa, ett\u00e4 mahdollisimman moni voi tulla katsomaan esityksen.<\/em><\/p>\n\n\n\n<p><em>\u201cSvenska Teatern on Helsingin keskell\u00e4 toimiva kulttuuritalo, ja meille on t\u00e4rke\u00e4\u00e4 toivottaa my\u00f6s suomenkielinen yleis\u00f6 tervetulleeksi. T\u00e4m\u00e4 teos on ollut hyvin toivottu, ja koemme t\u00e4rke\u00e4ksi vastata siihen tarpeeseen.\u201d<\/em><\/p>\n\n\n\n<p><em>\u201cKyse ei ole linjamuutoksesta, vaan vahvasta sis\u00e4ll\u00f6st\u00e4, joka ansaitsee tavoittaa laajan yleis\u00f6n. On hienoa, ett\u00e4 voimme tarjota t\u00e4m\u00e4n esityksen nyt my\u00f6s suomeksi.\u201d<\/em><\/p>\n\n\n\n<p><em>\u201cMuihin esityksiimme tarjoamme aina suomenkielisen tekstityksen, jotta my\u00f6s suomenkielinen yleis\u00f6 voi nauttia ohjelmistostamme vaivattomasti.\u201d<\/em><\/p>\n\n\n                    <\/main>\n                <\/div>\n            <\/div>\n        <\/div>\n    <\/div>\n<\/section>\n\n\n\n<section class=\"block block-image-beside-content container-fluid container-fluid bg-white\">\n    <div class=\"container\">\n        <div class=\"row\">\n            <div class=\"col-12 col-md-6 image-col\">\n                <div class=\"align-items-center\">\n                                            <img decoding=\"async\" src=\"https:\/\/svenskateatern.fi\/wp-content\/uploads\/2022\/05\/Ar-det-hett-har-hero-mobil.jpg\" width=\"1080\" height=\"1350\" alt=\"\" loading=\"lazy\">                                    <\/div>\n            <\/div>\n            <div class=\"col-12 col-md-6 text-col\">\n                <div class=\"align-items-center\">\n                    <main class=\"entry-content\">\n                        \n\n<h3 class=\"wp-block-heading\">Onko t\u00e4\u00e4ll\u00e4 kuuma?<\/h3>\n\n\n\n<div class=\"wp-block-button\"><a class=\"wp-block-button__link wp-element-button\" href=\"https:\/\/svenskateatern.fi\/fi\/ohjelmisto\/onko-taalla-kuuma\/\">Lue lis\u00e4\u00e4 esityksest\u00e4<\/a><\/div>\n\n\n\n<h3 class=\"wp-block-heading\"><br>\u00c4r det hett h\u00e4r?<\/h3>\n\n\n\n<div class=\"wp-block-button\"><a class=\"wp-block-button__link wp-element-button\" href=\"https:\/\/svenskateatern.fi\/fi\/ohjelmisto\/onko-taalla-kuuma\/\">p\u00e5 svenska<\/a><\/div>\n\n\n\n<p><\/p>\n\n\n                    <\/main>\n                <\/div>\n            <\/div>\n        <\/div>\n    <\/div>\n<\/section>\n","protected":false},"excerpt":{"rendered":"<p>Svenska Teatern tuo syksyll\u00e4 n\u00e4ytt\u00e4m\u00f6lle Anna Hultinin kehutun vaihdevuosimonologin Onko t\u00e4\u00e4ll\u00e4 kuuma? \u2013 teoksen, jolla on vahva tunnistettavuus ja joka on jo viiden vuoden ajan saanut runsaasti kiitosta sek\u00e4 Suomessa ett\u00e4 Ruotsissa nimell\u00e4 \u00c4r det hett h\u00e4r?. Esitys n\u00e4hd\u00e4\u00e4n nyt ensimm\u00e4ist\u00e4 kertaa suomeksi Helsingiss\u00e4.<\/p>\n","protected":false},"author":12,"featured_media":36096,"comment_status":"closed","ping_status":"closed","sticky":false,"template":"","format":"standard","meta":{"_acf_changed":false,"_relevanssi_hide_post":"","_relevanssi_hide_content":"","_relevanssi_pin_for_all":"","_relevanssi_pin_keywords":"","_relevanssi_unpin_keywords":"","_relevanssi_related_keywords":"","_relevanssi_related_include_ids":"","_relevanssi_related_exclude_ids":"","_relevanssi_related_no_append":"","_relevanssi_related_not_related":"","_relevanssi_related_posts":"14523,35644,32499,33021,32031,29626","_relevanssi_noindex_reason":"","footnotes":""},"categories":[8,1],"tags":[206,151],"class_list":["post-36138","post","type-post","status-publish","format-standard","has-post-thumbnail","hentry","category-tiedotteet","category-uutiset","tag-anna-hultin-fi","tag-klimakteriet-fi"],"acf":[],"yoast_head":"<!-- This site is optimized with the Yoast SEO plugin v27.0 - https:\/\/yoast.com\/product\/yoast-seo-wordpress\/ -->\n<title>Onko t\u00e4\u00e4ll\u00e4 kuuma? \u2013 Anna Hultinin kehuttu vaihdevuosimonologi nyt suomeksi - Svenska Teatern<\/title>\n<meta name=\"description\" content=\"Svenska Teatern tuo syksyll\u00e4 n\u00e4ytt\u00e4m\u00f6lle Anna Hultinin kehutun vaihdevuosimonologin Onko t\u00e4\u00e4ll\u00e4 kuuma? \u2013 teoksen, jolla on vahva tunnistettavuus ja joka on jo viiden vuoden ajan saanut runsaasti kiitosta sek\u00e4 Suomessa ett\u00e4 Ruotsissa nimell\u00e4 \u00c4r det hett h\u00e4r?. Esitys n\u00e4hd\u00e4\u00e4n nyt ensimm\u00e4ist\u00e4 kertaa suomeksi Helsingiss\u00e4.\" \/>\n<meta name=\"robots\" content=\"index, follow, max-snippet:-1, max-image-preview:large, max-video-preview:-1\" \/>\n<link rel=\"canonical\" href=\"https:\/\/svenskateatern.fi\/fi\/onko-taalla-kuuma-anna-hultinin-kehuttu-vaihdevuosimonologi-nyt-suomeksi\/\" \/>\n<meta property=\"og:locale\" content=\"fi_FI\" \/>\n<meta property=\"og:type\" content=\"article\" \/>\n<meta property=\"og:title\" content=\"Onko t\u00e4\u00e4ll\u00e4 kuuma? \u2013 Anna Hultinin kehuttu vaihdevuosimonologi nyt suomeksi\" \/>\n<meta property=\"og:description\" content=\"Svenska Teatern tuo syksyll\u00e4 n\u00e4ytt\u00e4m\u00f6lle Anna Hultinin kehutun vaihdevuosimonologin Onko t\u00e4\u00e4ll\u00e4 kuuma? \u2013 teoksen, jolla on vahva tunnistettavuus ja joka on jo viiden vuoden ajan saanut runsaasti kiitosta sek\u00e4 Suomessa ett\u00e4 Ruotsissa nimell\u00e4 \u00c4r det hett h\u00e4r?. Esitys n\u00e4hd\u00e4\u00e4n nyt ensimm\u00e4ist\u00e4 kertaa suomeksi Helsingiss\u00e4.\" \/>\n<meta property=\"og:url\" content=\"https:\/\/svenskateatern.fi\/fi\/onko-taalla-kuuma-anna-hultinin-kehuttu-vaihdevuosimonologi-nyt-suomeksi\/\" \/>\n<meta property=\"og:site_name\" content=\"Svenska Teatern\" \/>\n<meta property=\"article:published_time\" content=\"2026-04-29T06:55:14+00:00\" \/>\n<meta property=\"article:modified_time\" content=\"2026-04-29T11:02:24+00:00\" \/>\n<meta property=\"og:image\" content=\"https:\/\/svenskateatern.fi\/wp-content\/uploads\/2026\/04\/Ar_det-hett_har.jpg\" \/>\n\t<meta property=\"og:image:width\" content=\"799\" \/>\n\t<meta property=\"og:image:height\" content=\"533\" \/>\n\t<meta property=\"og:image:type\" content=\"image\/jpeg\" \/>\n<meta name=\"author\" content=\"david.lindstrom\" \/>\n<meta name=\"twitter:card\" content=\"summary_large_image\" \/>\n<meta name=\"twitter:label1\" content=\"Kirjoittanut\" \/>\n\t<meta name=\"twitter:data1\" content=\"david.lindstrom\" \/>\n\t<meta name=\"twitter:label2\" content=\"Arvioitu lukuaika\" \/>\n\t<meta name=\"twitter:data2\" content=\"8 minuuttia\" \/>\n<script type=\"application\/ld+json\" class=\"yoast-schema-graph\">{\"@context\":\"https:\/\/schema.org\",\"@graph\":[{\"@type\":\"Article\",\"@id\":\"https:\/\/svenskateatern.fi\/fi\/onko-taalla-kuuma-anna-hultinin-kehuttu-vaihdevuosimonologi-nyt-suomeksi\/#article\",\"isPartOf\":{\"@id\":\"https:\/\/svenskateatern.fi\/fi\/onko-taalla-kuuma-anna-hultinin-kehuttu-vaihdevuosimonologi-nyt-suomeksi\/\"},\"author\":{\"name\":\"david.lindstrom\",\"@id\":\"https:\/\/svenskateatern.fi\/fi\/#\/schema\/person\/148514734584b911962a6d2c8e627fef\"},\"headline\":\"Onko t\u00e4\u00e4ll\u00e4 kuuma? \u2013 Anna Hultinin kehuttu vaihdevuosimonologi nyt suomeksi\",\"datePublished\":\"2026-04-29T06:55:14+00:00\",\"dateModified\":\"2026-04-29T11:02:24+00:00\",\"mainEntityOfPage\":{\"@id\":\"https:\/\/svenskateatern.fi\/fi\/onko-taalla-kuuma-anna-hultinin-kehuttu-vaihdevuosimonologi-nyt-suomeksi\/\"},\"wordCount\":754,\"image\":{\"@id\":\"https:\/\/svenskateatern.fi\/fi\/onko-taalla-kuuma-anna-hultinin-kehuttu-vaihdevuosimonologi-nyt-suomeksi\/#primaryimage\"},\"thumbnailUrl\":\"https:\/\/svenskateatern.fi\/wp-content\/uploads\/2026\/04\/Ar_det-hett_har.jpg\",\"keywords\":[\"Anna Hultin\",\"klimakteriet\"],\"articleSection\":[\"Tiedotteet\",\"Uutiset\"],\"inLanguage\":\"fi\"},{\"@type\":\"WebPage\",\"@id\":\"https:\/\/svenskateatern.fi\/fi\/onko-taalla-kuuma-anna-hultinin-kehuttu-vaihdevuosimonologi-nyt-suomeksi\/\",\"url\":\"https:\/\/svenskateatern.fi\/fi\/onko-taalla-kuuma-anna-hultinin-kehuttu-vaihdevuosimonologi-nyt-suomeksi\/\",\"name\":\"Onko t\u00e4\u00e4ll\u00e4 kuuma? \u2013 Anna Hultinin kehuttu vaihdevuosimonologi nyt suomeksi - Svenska Teatern\",\"isPartOf\":{\"@id\":\"https:\/\/svenskateatern.fi\/fi\/#website\"},\"primaryImageOfPage\":{\"@id\":\"https:\/\/svenskateatern.fi\/fi\/onko-taalla-kuuma-anna-hultinin-kehuttu-vaihdevuosimonologi-nyt-suomeksi\/#primaryimage\"},\"image\":{\"@id\":\"https:\/\/svenskateatern.fi\/fi\/onko-taalla-kuuma-anna-hultinin-kehuttu-vaihdevuosimonologi-nyt-suomeksi\/#primaryimage\"},\"thumbnailUrl\":\"https:\/\/svenskateatern.fi\/wp-content\/uploads\/2026\/04\/Ar_det-hett_har.jpg\",\"datePublished\":\"2026-04-29T06:55:14+00:00\",\"dateModified\":\"2026-04-29T11:02:24+00:00\",\"author\":{\"@id\":\"https:\/\/svenskateatern.fi\/fi\/#\/schema\/person\/148514734584b911962a6d2c8e627fef\"},\"description\":\"Svenska Teatern tuo syksyll\u00e4 n\u00e4ytt\u00e4m\u00f6lle Anna Hultinin kehutun vaihdevuosimonologin Onko t\u00e4\u00e4ll\u00e4 kuuma? \u2013 teoksen, jolla on vahva tunnistettavuus ja joka on jo viiden vuoden ajan saanut runsaasti kiitosta sek\u00e4 Suomessa ett\u00e4 Ruotsissa nimell\u00e4 \u00c4r det hett h\u00e4r?. Esitys n\u00e4hd\u00e4\u00e4n nyt ensimm\u00e4ist\u00e4 kertaa suomeksi Helsingiss\u00e4.\",\"breadcrumb\":{\"@id\":\"https:\/\/svenskateatern.fi\/fi\/onko-taalla-kuuma-anna-hultinin-kehuttu-vaihdevuosimonologi-nyt-suomeksi\/#breadcrumb\"},\"inLanguage\":\"fi\",\"potentialAction\":[{\"@type\":\"ReadAction\",\"target\":[\"https:\/\/svenskateatern.fi\/fi\/onko-taalla-kuuma-anna-hultinin-kehuttu-vaihdevuosimonologi-nyt-suomeksi\/\"]}]},{\"@type\":\"ImageObject\",\"inLanguage\":\"fi\",\"@id\":\"https:\/\/svenskateatern.fi\/fi\/onko-taalla-kuuma-anna-hultinin-kehuttu-vaihdevuosimonologi-nyt-suomeksi\/#primaryimage\",\"url\":\"https:\/\/svenskateatern.fi\/wp-content\/uploads\/2026\/04\/Ar_det-hett_har.jpg\",\"contentUrl\":\"https:\/\/svenskateatern.fi\/wp-content\/uploads\/2026\/04\/Ar_det-hett_har.jpg\",\"width\":799,\"height\":533,\"caption\":\"Anna Hultin st\u00e5r p\u00e5 scen med upp\u00e5tv\u00e4nt ansikte och h\u00e4nderna \u00f6ppna framf\u00f6r kroppen. Hen b\u00e4r en m\u00f6rk skjorta. Bakom syns en m\u00f6rk, oval form mot en varmtonad bakgrund. Bilden \u00e4r fr\u00e5n f\u00f6rest\u00e4llningen \u201d\u00c4r det hett h\u00e4r?\u201d.\"},{\"@type\":\"BreadcrumbList\",\"@id\":\"https:\/\/svenskateatern.fi\/fi\/onko-taalla-kuuma-anna-hultinin-kehuttu-vaihdevuosimonologi-nyt-suomeksi\/#breadcrumb\",\"itemListElement\":[{\"@type\":\"ListItem\",\"position\":1,\"name\":\"Etusivu\",\"item\":\"https:\/\/svenskateatern.fi\/fi\/\"},{\"@type\":\"ListItem\",\"position\":2,\"name\":\"Onko t\u00e4\u00e4ll\u00e4 kuuma? \u2013 Anna Hultinin kehuttu vaihdevuosimonologi nyt suomeksi\"}]},{\"@type\":\"WebSite\",\"@id\":\"https:\/\/svenskateatern.fi\/fi\/#website\",\"url\":\"https:\/\/svenskateatern.fi\/fi\/\",\"name\":\"Svenska Teatern\",\"description\":\"\",\"potentialAction\":[{\"@type\":\"SearchAction\",\"target\":{\"@type\":\"EntryPoint\",\"urlTemplate\":\"https:\/\/svenskateatern.fi\/fi\/?s={search_term_string}\"},\"query-input\":{\"@type\":\"PropertyValueSpecification\",\"valueRequired\":true,\"valueName\":\"search_term_string\"}}],\"inLanguage\":\"fi\"},{\"@type\":\"Person\",\"@id\":\"https:\/\/svenskateatern.fi\/fi\/#\/schema\/person\/148514734584b911962a6d2c8e627fef\",\"name\":\"david.lindstrom\",\"image\":{\"@type\":\"ImageObject\",\"inLanguage\":\"fi\",\"@id\":\"https:\/\/svenskateatern.fi\/fi\/#\/schema\/person\/image\/\",\"url\":\"https:\/\/secure.gravatar.com\/avatar\/5f4010a4cf4e856baa476e9a6fd317ecf5c5d6bdfe9acbc22592b389e62d3d86?s=96&d=mm&r=g\",\"contentUrl\":\"https:\/\/secure.gravatar.com\/avatar\/5f4010a4cf4e856baa476e9a6fd317ecf5c5d6bdfe9acbc22592b389e62d3d86?s=96&d=mm&r=g\",\"caption\":\"david.lindstrom\"}}]}<\/script>\n<!-- \/ Yoast SEO plugin. -->","yoast_head_json":{"title":"Onko t\u00e4\u00e4ll\u00e4 kuuma? \u2013 Anna Hultinin kehuttu vaihdevuosimonologi nyt suomeksi - Svenska Teatern","description":"Svenska Teatern tuo syksyll\u00e4 n\u00e4ytt\u00e4m\u00f6lle Anna Hultinin kehutun vaihdevuosimonologin Onko t\u00e4\u00e4ll\u00e4 kuuma? \u2013 teoksen, jolla on vahva tunnistettavuus ja joka on jo viiden vuoden ajan saanut runsaasti kiitosta sek\u00e4 Suomessa ett\u00e4 Ruotsissa nimell\u00e4 \u00c4r det hett h\u00e4r?. Esitys n\u00e4hd\u00e4\u00e4n nyt ensimm\u00e4ist\u00e4 kertaa suomeksi Helsingiss\u00e4.","robots":{"index":"index","follow":"follow","max-snippet":"max-snippet:-1","max-image-preview":"max-image-preview:large","max-video-preview":"max-video-preview:-1"},"canonical":"https:\/\/svenskateatern.fi\/fi\/onko-taalla-kuuma-anna-hultinin-kehuttu-vaihdevuosimonologi-nyt-suomeksi\/","og_locale":"fi_FI","og_type":"article","og_title":"Onko t\u00e4\u00e4ll\u00e4 kuuma? \u2013 Anna Hultinin kehuttu vaihdevuosimonologi nyt suomeksi","og_description":"Svenska Teatern tuo syksyll\u00e4 n\u00e4ytt\u00e4m\u00f6lle Anna Hultinin kehutun vaihdevuosimonologin Onko t\u00e4\u00e4ll\u00e4 kuuma? \u2013 teoksen, jolla on vahva tunnistettavuus ja joka on jo viiden vuoden ajan saanut runsaasti kiitosta sek\u00e4 Suomessa ett\u00e4 Ruotsissa nimell\u00e4 \u00c4r det hett h\u00e4r?. Esitys n\u00e4hd\u00e4\u00e4n nyt ensimm\u00e4ist\u00e4 kertaa suomeksi Helsingiss\u00e4.","og_url":"https:\/\/svenskateatern.fi\/fi\/onko-taalla-kuuma-anna-hultinin-kehuttu-vaihdevuosimonologi-nyt-suomeksi\/","og_site_name":"Svenska Teatern","article_published_time":"2026-04-29T06:55:14+00:00","article_modified_time":"2026-04-29T11:02:24+00:00","og_image":[{"width":799,"height":533,"url":"https:\/\/svenskateatern.fi\/wp-content\/uploads\/2026\/04\/Ar_det-hett_har.jpg","type":"image\/jpeg"}],"author":"david.lindstrom","twitter_card":"summary_large_image","twitter_misc":{"Kirjoittanut":"david.lindstrom","Arvioitu lukuaika":"8 minuuttia"},"schema":{"@context":"https:\/\/schema.org","@graph":[{"@type":"Article","@id":"https:\/\/svenskateatern.fi\/fi\/onko-taalla-kuuma-anna-hultinin-kehuttu-vaihdevuosimonologi-nyt-suomeksi\/#article","isPartOf":{"@id":"https:\/\/svenskateatern.fi\/fi\/onko-taalla-kuuma-anna-hultinin-kehuttu-vaihdevuosimonologi-nyt-suomeksi\/"},"author":{"name":"david.lindstrom","@id":"https:\/\/svenskateatern.fi\/fi\/#\/schema\/person\/148514734584b911962a6d2c8e627fef"},"headline":"Onko t\u00e4\u00e4ll\u00e4 kuuma? \u2013 Anna Hultinin kehuttu vaihdevuosimonologi nyt suomeksi","datePublished":"2026-04-29T06:55:14+00:00","dateModified":"2026-04-29T11:02:24+00:00","mainEntityOfPage":{"@id":"https:\/\/svenskateatern.fi\/fi\/onko-taalla-kuuma-anna-hultinin-kehuttu-vaihdevuosimonologi-nyt-suomeksi\/"},"wordCount":754,"image":{"@id":"https:\/\/svenskateatern.fi\/fi\/onko-taalla-kuuma-anna-hultinin-kehuttu-vaihdevuosimonologi-nyt-suomeksi\/#primaryimage"},"thumbnailUrl":"https:\/\/svenskateatern.fi\/wp-content\/uploads\/2026\/04\/Ar_det-hett_har.jpg","keywords":["Anna Hultin","klimakteriet"],"articleSection":["Tiedotteet","Uutiset"],"inLanguage":"fi"},{"@type":"WebPage","@id":"https:\/\/svenskateatern.fi\/fi\/onko-taalla-kuuma-anna-hultinin-kehuttu-vaihdevuosimonologi-nyt-suomeksi\/","url":"https:\/\/svenskateatern.fi\/fi\/onko-taalla-kuuma-anna-hultinin-kehuttu-vaihdevuosimonologi-nyt-suomeksi\/","name":"Onko t\u00e4\u00e4ll\u00e4 kuuma? \u2013 Anna Hultinin kehuttu vaihdevuosimonologi nyt suomeksi - Svenska Teatern","isPartOf":{"@id":"https:\/\/svenskateatern.fi\/fi\/#website"},"primaryImageOfPage":{"@id":"https:\/\/svenskateatern.fi\/fi\/onko-taalla-kuuma-anna-hultinin-kehuttu-vaihdevuosimonologi-nyt-suomeksi\/#primaryimage"},"image":{"@id":"https:\/\/svenskateatern.fi\/fi\/onko-taalla-kuuma-anna-hultinin-kehuttu-vaihdevuosimonologi-nyt-suomeksi\/#primaryimage"},"thumbnailUrl":"https:\/\/svenskateatern.fi\/wp-content\/uploads\/2026\/04\/Ar_det-hett_har.jpg","datePublished":"2026-04-29T06:55:14+00:00","dateModified":"2026-04-29T11:02:24+00:00","author":{"@id":"https:\/\/svenskateatern.fi\/fi\/#\/schema\/person\/148514734584b911962a6d2c8e627fef"},"description":"Svenska Teatern tuo syksyll\u00e4 n\u00e4ytt\u00e4m\u00f6lle Anna Hultinin kehutun vaihdevuosimonologin Onko t\u00e4\u00e4ll\u00e4 kuuma? \u2013 teoksen, jolla on vahva tunnistettavuus ja joka on jo viiden vuoden ajan saanut runsaasti kiitosta sek\u00e4 Suomessa ett\u00e4 Ruotsissa nimell\u00e4 \u00c4r det hett h\u00e4r?. Esitys n\u00e4hd\u00e4\u00e4n nyt ensimm\u00e4ist\u00e4 kertaa suomeksi Helsingiss\u00e4.","breadcrumb":{"@id":"https:\/\/svenskateatern.fi\/fi\/onko-taalla-kuuma-anna-hultinin-kehuttu-vaihdevuosimonologi-nyt-suomeksi\/#breadcrumb"},"inLanguage":"fi","potentialAction":[{"@type":"ReadAction","target":["https:\/\/svenskateatern.fi\/fi\/onko-taalla-kuuma-anna-hultinin-kehuttu-vaihdevuosimonologi-nyt-suomeksi\/"]}]},{"@type":"ImageObject","inLanguage":"fi","@id":"https:\/\/svenskateatern.fi\/fi\/onko-taalla-kuuma-anna-hultinin-kehuttu-vaihdevuosimonologi-nyt-suomeksi\/#primaryimage","url":"https:\/\/svenskateatern.fi\/wp-content\/uploads\/2026\/04\/Ar_det-hett_har.jpg","contentUrl":"https:\/\/svenskateatern.fi\/wp-content\/uploads\/2026\/04\/Ar_det-hett_har.jpg","width":799,"height":533,"caption":"Anna Hultin st\u00e5r p\u00e5 scen med upp\u00e5tv\u00e4nt ansikte och h\u00e4nderna \u00f6ppna framf\u00f6r kroppen. Hen b\u00e4r en m\u00f6rk skjorta. Bakom syns en m\u00f6rk, oval form mot en varmtonad bakgrund. Bilden \u00e4r fr\u00e5n f\u00f6rest\u00e4llningen \u201d\u00c4r det hett h\u00e4r?\u201d."},{"@type":"BreadcrumbList","@id":"https:\/\/svenskateatern.fi\/fi\/onko-taalla-kuuma-anna-hultinin-kehuttu-vaihdevuosimonologi-nyt-suomeksi\/#breadcrumb","itemListElement":[{"@type":"ListItem","position":1,"name":"Etusivu","item":"https:\/\/svenskateatern.fi\/fi\/"},{"@type":"ListItem","position":2,"name":"Onko t\u00e4\u00e4ll\u00e4 kuuma? \u2013 Anna Hultinin kehuttu vaihdevuosimonologi nyt suomeksi"}]},{"@type":"WebSite","@id":"https:\/\/svenskateatern.fi\/fi\/#website","url":"https:\/\/svenskateatern.fi\/fi\/","name":"Svenska Teatern","description":"","potentialAction":[{"@type":"SearchAction","target":{"@type":"EntryPoint","urlTemplate":"https:\/\/svenskateatern.fi\/fi\/?s={search_term_string}"},"query-input":{"@type":"PropertyValueSpecification","valueRequired":true,"valueName":"search_term_string"}}],"inLanguage":"fi"},{"@type":"Person","@id":"https:\/\/svenskateatern.fi\/fi\/#\/schema\/person\/148514734584b911962a6d2c8e627fef","name":"david.lindstrom","image":{"@type":"ImageObject","inLanguage":"fi","@id":"https:\/\/svenskateatern.fi\/fi\/#\/schema\/person\/image\/","url":"https:\/\/secure.gravatar.com\/avatar\/5f4010a4cf4e856baa476e9a6fd317ecf5c5d6bdfe9acbc22592b389e62d3d86?s=96&d=mm&r=g","contentUrl":"https:\/\/secure.gravatar.com\/avatar\/5f4010a4cf4e856baa476e9a6fd317ecf5c5d6bdfe9acbc22592b389e62d3d86?s=96&d=mm&r=g","caption":"david.lindstrom"}}]}},"_links":{"self":[{"href":"https:\/\/svenskateatern.fi\/fi\/wp-json\/wp\/v2\/posts\/36138","targetHints":{"allow":["GET"]}}],"collection":[{"href":"https:\/\/svenskateatern.fi\/fi\/wp-json\/wp\/v2\/posts"}],"about":[{"href":"https:\/\/svenskateatern.fi\/fi\/wp-json\/wp\/v2\/types\/post"}],"author":[{"embeddable":true,"href":"https:\/\/svenskateatern.fi\/fi\/wp-json\/wp\/v2\/users\/12"}],"replies":[{"embeddable":true,"href":"https:\/\/svenskateatern.fi\/fi\/wp-json\/wp\/v2\/comments?post=36138"}],"version-history":[{"count":5,"href":"https:\/\/svenskateatern.fi\/fi\/wp-json\/wp\/v2\/posts\/36138\/revisions"}],"predecessor-version":[{"id":36222,"href":"https:\/\/svenskateatern.fi\/fi\/wp-json\/wp\/v2\/posts\/36138\/revisions\/36222"}],"wp:featuredmedia":[{"embeddable":true,"href":"https:\/\/svenskateatern.fi\/fi\/wp-json\/wp\/v2\/media\/36096"}],"wp:attachment":[{"href":"https:\/\/svenskateatern.fi\/fi\/wp-json\/wp\/v2\/media?parent=36138"}],"wp:term":[{"taxonomy":"category","embeddable":true,"href":"https:\/\/svenskateatern.fi\/fi\/wp-json\/wp\/v2\/categories?post=36138"},{"taxonomy":"post_tag","embeddable":true,"href":"https:\/\/svenskateatern.fi\/fi\/wp-json\/wp\/v2\/tags?post=36138"}],"curies":[{"name":"wp","href":"https:\/\/api.w.org\/{rel}","templated":true}]}}