{"id":28451,"date":"2025-04-16T09:18:57","date_gmt":"2025-04-16T06:18:57","guid":{"rendered":"https:\/\/svenskateatern.fi\/?p=28451"},"modified":"2025-04-22T11:26:59","modified_gmt":"2025-04-22T08:26:59","slug":"lotta-fagerlund-svenska-teaternin-uudeksi-myynti-ja-markkinointipaallikoksi","status":"publish","type":"post","link":"https:\/\/svenskateatern.fi\/fi\/lotta-fagerlund-svenska-teaternin-uudeksi-myynti-ja-markkinointipaallikoksi\/","title":{"rendered":"Lotta Fagerlund aloittaa Svenska Teaternin myynti- ja markkinointip\u00e4\u00e4llikk\u00f6n\u00e4"},"content":{"rendered":"<section id=\"block_2da210f6b7f4e03d2bbf21f2cd038bc3_69f13401a7032\" class=\"block block-content-wrapper container-fluid bg-white container-fluid\">\n\t<div class=\"container\n\t\t\tshow-all\"\n\t\t>\n\t\t<div class=\"row\">\n\t\t\t<div class=\"col-12 col-lg-8 offset-lg-2 col-hd-6 offset-hd-3\">\n\t\t\t\t<main class=\"entry-content\">\n\t\t\t\t\t\n\n<p class=\"is-style-lead\">Svenska Teatern vahvistaa johtoaan nimitt\u00e4m\u00e4ll\u00e4 Lotta Fagerlundin teatterin uudeksi myynti- ja markkinointip\u00e4\u00e4llik\u00f6ksi. H\u00e4n aloittaa teht\u00e4v\u00e4ss\u00e4\u00e4n 13. toukokuuta 2025.&nbsp;<\/p>\n\n\n\n<figure class=\"wp-block-image size-large\"><img loading=\"lazy\" decoding=\"async\" width=\"1024\" height=\"640\" src=\"https:\/\/svenskateatern.fi\/wp-content\/uploads\/2025\/04\/Lotta_F_WEB-1024x640.png\" alt=\"\" class=\"wp-image-28441\" srcset=\"https:\/\/svenskateatern.fi\/wp-content\/uploads\/2025\/04\/Lotta_F_WEB-1024x640.png 1024w, https:\/\/svenskateatern.fi\/wp-content\/uploads\/2025\/04\/Lotta_F_WEB-300x188.png 300w, https:\/\/svenskateatern.fi\/wp-content\/uploads\/2025\/04\/Lotta_F_WEB-768x480.png 768w, https:\/\/svenskateatern.fi\/wp-content\/uploads\/2025\/04\/Lotta_F_WEB-1536x960.png 1536w, https:\/\/svenskateatern.fi\/wp-content\/uploads\/2025\/04\/Lotta_F_WEB.png 1920w\" sizes=\"auto, (max-width: 575px) 100vw, (max-width: 767px) 510px, (max-width: 991px) 290px, (max-width: 1199px) 530px, 840px\" \/><\/figure>\n\n\n\n<p><br><strong>Lotta Fagerlund<\/strong>illa on yli 15 vuoden kokemus viestinn\u00e4st\u00e4 ja markkinoinnista, sek\u00e4 yritysmaailmasta ett\u00e4 koulutussektorilta. Viimeiset viisi vuotta h\u00e4n on toiminut projektip\u00e4\u00e4llikk\u00f6n\u00e4 markkinointi- ja viestint\u00e4toimistoissa, vastaten laajasti strategia-, markkinointi- ja viestint\u00e4projekteista. Aiemmin h\u00e4n on ty\u00f6skennellyt markkinointiviestinn\u00e4n parissa mm. <a href=\"https:\/\/www.ivalocreative.fi\/\">Ivalo Creativella<\/a>, <a href=\"https:\/\/republic.fi\/\">Republicilla<\/a>, <a href=\"https:\/\/www.grohe.fi\/fi_fi\/\">Grohella<\/a>, <a href=\"https:\/\/lundia.fi\/fi\">Lundialla<\/a>, <a href=\"https:\/\/www.arcada.fi\/sv\">Arcadalla<\/a> ja <a href=\"https:\/\/www.stockmann.com\/\">Stockmannilla.<\/a>\u00a0<\/p>\n\n\n\n<p><em>\u2013 Olemme eritt\u00e4in iloisia saadessamme Lotan osaksi tiimi\u00e4mme. H\u00e4nen vahva taustansa strategisessa myynniss\u00e4, luovassa markkinoinnissa ja viestinn\u00e4ss\u00e4 tuo arvokasta osaamista ty\u00f6h\u00f6mme yleis\u00f6suhteiden syvent\u00e4miseksi ja roolimme selkeytt\u00e4miseksi yhteiskunnassa,<\/em> sanoo Svenska Teaternin teatterinjohtaja Joachim Thibblin.&nbsp;<\/p>\n\n\n\n<h2 class=\"wp-block-heading\">Svenska Teatern \u2013 keskeinen kulttuurin vaikuttaja<\/h2>\n\n\n\n<p>Fagerlund kuvailee teatteria paitsi vahvan yhteiskunnallisen teht\u00e4v\u00e4n omaavana instituutiona, my\u00f6s henkil\u00f6kohtaisena inspiraation l\u00e4hteen\u00e4.<\/p>\n\n\n\n<p><em>\u2013 Svenska Teatern on yksi maan merkitt\u00e4vimmist\u00e4 kulttuurilaitoksista \u2013 sill\u00e4 on vahva asema suomalaisessa yhteiskunnassa ja keskeinen rooli suomenruotsalaisessa kulttuuriel\u00e4m\u00e4ss\u00e4. Se toimii t\u00e4rke\u00e4n\u00e4 n\u00e4ytt\u00e4m\u00f6n\u00e4 my\u00f6s suomenkieliselle yleis\u00f6lle sek\u00e4 pohjoismaisille vierailijoille. Mahdollisuus ty\u00f6skennell\u00e4 Svenska Teaternin vaikuttavan ohjelmiston parissa \u2013 ja rakentaa siltoja n\u00e4ytt\u00e4m\u00f6n ja yleis\u00f6n v\u00e4lille \u2013 on minulle kunniateht\u00e4v\u00e4 ja suuri inspiraation l\u00e4hde, <\/em>sanoo Lotta Fagerlund.<\/p>\n\n\n\n<figure class=\"wp-block-image size-large\"><img loading=\"lazy\" decoding=\"async\" width=\"1024\" height=\"640\" src=\"https:\/\/svenskateatern.fi\/wp-content\/uploads\/2025\/04\/Lotta_F_WEB_B-1024x640.png\" alt=\"\" class=\"wp-image-28444\" srcset=\"https:\/\/svenskateatern.fi\/wp-content\/uploads\/2025\/04\/Lotta_F_WEB_B-1024x640.png 1024w, https:\/\/svenskateatern.fi\/wp-content\/uploads\/2025\/04\/Lotta_F_WEB_B-300x188.png 300w, https:\/\/svenskateatern.fi\/wp-content\/uploads\/2025\/04\/Lotta_F_WEB_B-768x480.png 768w, https:\/\/svenskateatern.fi\/wp-content\/uploads\/2025\/04\/Lotta_F_WEB_B-1536x960.png 1536w, https:\/\/svenskateatern.fi\/wp-content\/uploads\/2025\/04\/Lotta_F_WEB_B.png 1920w\" sizes=\"auto, (max-width: 575px) 100vw, (max-width: 767px) 510px, (max-width: 991px) 290px, (max-width: 1199px) 530px, 840px\" \/><\/figure>\n\n\n\n<p><br>H\u00e4n korostaa my\u00f6s luovuuden ja vastuun yhdist\u00e4mist\u00e4 ty\u00f6ns\u00e4 t\u00e4rkeimp\u00e4n\u00e4 ajurina:<\/p>\n\n\n\n<p><em>\u2013 Minulle myynti, markkinointi ja viestint\u00e4 eiv\u00e4t ole pelkk\u00e4\u00e4 n\u00e4kyvyytt\u00e4. Kyse on suhteiden rakentamisesta ja sis\u00e4ll\u00f6st\u00e4, jolla on merkityst\u00e4. Odotan innolla, ett\u00e4 p\u00e4\u00e4sen kehitt\u00e4m\u00e4\u00e4n strategioita, jotka yhdist\u00e4v\u00e4t taiteellisen sis\u00e4ll\u00f6n ja yleis\u00f6l\u00e4ht\u00f6isyyden kest\u00e4v\u00e4ll\u00e4 ja inspiroivalla tavalla.<\/em> Lotta Fagerlundin rekrytointi on osa Svenska Teaternin pitk\u00e4j\u00e4nteist\u00e4 kehitt\u00e4misty\u00f6t\u00e4, jonka tavoitteena on entisest\u00e4\u00e4n vahvistaa teatterin merkityksellisyytt\u00e4, n\u00e4kyvyytt\u00e4 ja saavutettavuutta tulevaisuuden yleis\u00f6ille.&nbsp;<br><br>Tervetuloa Svenska Teaterniin!<br><br><a href=\"https:\/\/flic.kr\/s\/aHskuQTgfh\">Lehdist\u00f6kuvat<\/a><\/p>\n\n\n\t\t\t\t<\/main>\n\t\t\t<\/div>\n\t\t<\/div>\n\n\t\t\n\t<\/div>\n<\/section>\n\n\n\n<section class=\"block block-article-highlights container-fluid bg-white\">\n\t<div class=\"container\">\n\t\t\n\t\t<div class=\"row highlights\">\n\t\t\t\t\t\t\t\t\t\t\t<div class=\"col col-12 col-md-4\">\n\t\t\t\t\t\n<a class=\"card\" href=\"https:\/\/svenskateatern.fi\/fi\/svenska-teatern-saa-virallisen-kansallisnayttamon-aseman-vuonna-2029\/\" rel=\"no-opener\">\n\t<div class=\"image\" aria-hidden=\"true\">\n\t\t\t\t\t<img decoding=\"async\" src=\"https:\/\/svenskateatern.fi\/wp-content\/uploads\/2026\/04\/Joachim_Thibblin_Svenska_Teatern-1920x1253.jpg\" alt=\"Svenska Teatern saa virallisen kansallisn\u00e4ytt\u00e4m\u00f6n aseman vuonna 2029\">\n\t\t\t<\/div>\n\t<div class=\"meta\">\n\t\t\t\t\t<span class=\"main-category\">Uutiset<\/span>\n\t\t\t\t<span class=\"date\">24.4.2026<\/span>\n\t<\/div>\n\t<h3 class=\"post-title\">Svenska Teatern saa virallisen kansallisn\u00e4ytt\u00e4m\u00f6n aseman vuonna 2029<\/h3>\n<\/a>\n<div class=\"excerpt\">Valtioneuvosto on p\u00e4\u00e4tt\u00e4nyt, ett\u00e4 Svenska Teatern liitet\u00e4\u00e4n Helsingin kansallisn\u00e4ytt\u00e4m\u00f6iden joukkoon 1.1.2029 alkaen. Historiallinen p\u00e4\u00e4t\u00f6s tehtiin p\u00e4\u00e4ministeri Petteri Orpon hallituksen kehysriihess\u00e4, ja siit\u00e4 tiedotettiin 23. huhtikuuta 2026 annetulla lehdist\u00f6tiedotteella.\n<\/div>\t\t\t\t<\/div>\n\t\t\t\t\t\t\t\t<div class=\"col col-12 col-md-4\">\n\t\t\t\t\t\n<a class=\"card\" href=\"https:\/\/svenskateatern.fi\/fi\/svenska-teatern-sanker-barnpriset-till-familjeforestallningen-pelle-svanslos\/\" rel=\"no-opener\">\n\t<div class=\"image\" aria-hidden=\"true\">\n\t\t\t\t\t<img decoding=\"async\" src=\"https:\/\/svenskateatern.fi\/wp-content\/uploads\/2026\/02\/Pelle-Svanslos-artikel-NL.png\" alt=\"Svenska Teatern alentaa koko perheen Pelle Svansl\u00f6s -n\u00e4ytelm\u00e4n lastenlipun hintaa\">\n\t\t\t<\/div>\n\t<div class=\"meta\">\n\t\t\t\t\t<span class=\"main-category\">Tiedotteet<\/span>\n\t\t\t\t<span class=\"date\">17.4.2026<\/span>\n\t<\/div>\n\t<h3 class=\"post-title\">Svenska Teatern alentaa koko perheen Pelle Svansl\u00f6s -n\u00e4ytelm\u00e4n lastenlipun hintaa<\/h3>\n<\/a>\n<div class=\"excerpt\">Svenska Teatern on p\u00e4\u00e4tt\u00e4nyt alentaa koko perheen Pekka T\u00f6p\u00f6h\u00e4nt\u00e4 -n\u00e4ytelm\u00e4n lasten, nuorten ja koululuokkien lippujen hintoja puoleen normaalihinnasta. Tavoitteena on, ett\u00e4 mahdollisimman monet lapset saisivat tilaisuuden k\u00e4yd\u00e4 teatterissa perheen tilanteesta tai taloudellisista olosuhteista riippumatta.<\/div>\t\t\t\t<\/div>\n\t\t\t\t\t\t\t\t<div class=\"col col-12 col-md-4\">\n\t\t\t\t\t\n<a class=\"card\" href=\"https:\/\/svenskateatern.fi\/fi\/maailman-teatteripaivan-julistus-2026-kirjoittanut-willem-dafoe\/\" rel=\"no-opener\">\n\t<div class=\"image\" aria-hidden=\"true\">\n\t\t\t\t\t<img decoding=\"async\" src=\"https:\/\/svenskateatern.fi\/wp-content\/uploads\/2026\/03\/DAFOE-30000-2025_1200-x-800.jpg\" alt=\"Maailman teatterip\u00e4iv\u00e4n julistus 2026 kirjoittanut Willem DAFOE\">\n\t\t\t<\/div>\n\t<div class=\"meta\">\n\t\t\t\t\t<span class=\"main-category\">Uutiset<\/span>\n\t\t\t\t<span class=\"date\">27.3.2026<\/span>\n\t<\/div>\n\t<h3 class=\"post-title\">Maailman teatterip\u00e4iv\u00e4n julistus 2026 kirjoittanut Willem DAFOE<\/h3>\n<\/a>\n<div class=\"excerpt\">Kansainv\u00e4lisen teatteri-instituutin (ITI)\u00a0julistamaa Maailman teatterip\u00e4iv\u00e4\u00e4 on vietetty 27.3. vuodesta 1962 l\u00e4htien.\u00a0\nVuoden 2026 julistustekstin on kirjoittanut yhdysvaltalainen n\u00e4yttelij\u00e4 ja teatterintekij\u00e4\u00a0Willem Dafoe.<\/div>\t\t\t\t<\/div>\n\t\t\t\t\t\t\t\t\t<\/div>\n\n\t\t<div class=\"row d-block d-md-none mobile-links\">\n\t\t\t<div class=\"col\">\n\t\t\t\t\t\t\t<\/div>\n\t\t<\/div>\n\t<\/div>\n<\/section>\n","protected":false},"excerpt":{"rendered":"<p>Svenska Teatern vahvistaa johtoaan nimitt\u00e4m\u00e4ll\u00e4 Lotta Fagerlundin teatterin uudeksi myynti- ja markkinointip\u00e4\u00e4llik\u00f6ksi. H\u00e4n aloittaa teht\u00e4v\u00e4ss\u00e4\u00e4n 13. toukokuuta 2025.\u00a0<\/p>\n","protected":false},"author":12,"featured_media":28446,"comment_status":"closed","ping_status":"closed","sticky":false,"template":"","format":"standard","meta":{"_acf_changed":false,"_relevanssi_hide_post":"","_relevanssi_hide_content":"","_relevanssi_pin_for_all":"","_relevanssi_pin_keywords":"","_relevanssi_unpin_keywords":"","_relevanssi_related_keywords":"","_relevanssi_related_include_ids":"","_relevanssi_related_exclude_ids":"","_relevanssi_related_no_append":"","_relevanssi_related_not_related":"","_relevanssi_related_posts":"7259,3007,6832,25761,14601,12004","_relevanssi_noindex_reason":"","footnotes":""},"categories":[8,1],"tags":[322,323,324],"class_list":["post-28451","post","type-post","status-publish","format-standard","has-post-thumbnail","hentry","category-tiedotteet","category-uutiset","tag-forsaljnings-och-marknadsforingschef-fi","tag-lotta-fagerlund-fi","tag-myynti-ja-markkinointipaallikko"],"acf":[],"yoast_head":"<!-- This site is optimized with the Yoast SEO plugin v27.0 - https:\/\/yoast.com\/product\/yoast-seo-wordpress\/ -->\n<title>Lotta Fagerlund aloittaa Svenska Teaternin myynti- ja markkinointip\u00e4\u00e4llikk\u00f6n\u00e4 - Svenska Teatern<\/title>\n<meta name=\"description\" content=\"Svenska Teatern vahvistaa johtoaan nimitt\u00e4m\u00e4ll\u00e4 Lotta Fagerlundin teatterin uudeksi myynti- ja markkinointip\u00e4\u00e4llik\u00f6ksi. H\u00e4n aloittaa teht\u00e4v\u00e4ss\u00e4\u00e4n 13. toukokuuta 2025.\u00a0\" \/>\n<meta name=\"robots\" content=\"index, follow, max-snippet:-1, max-image-preview:large, max-video-preview:-1\" \/>\n<link rel=\"canonical\" href=\"https:\/\/svenskateatern.fi\/fi\/lotta-fagerlund-svenska-teaternin-uudeksi-myynti-ja-markkinointipaallikoksi\/\" \/>\n<meta property=\"og:locale\" content=\"fi_FI\" \/>\n<meta property=\"og:type\" content=\"article\" \/>\n<meta property=\"og:title\" content=\"Lotta Fagerlund blir ny f\u00f6rs\u00e4ljnings- och marknadsf\u00f6ringschef p\u00e5 Svenska Teatern\u00a0\" \/>\n<meta property=\"og:description\" content=\"Svenska Teatern st\u00e4rker sin ledning med rekryteringen av Lotta Fagerlund till tj\u00e4nsten som f\u00f6rs\u00e4ljnings- och marknadsf\u00f6ringschef. Hon tilltr\u00e4der sin roll den 13 maj 2025. \u201dVi \u00e4r mycket glada \u00f6ver att v\u00e4lkomna Lotta till v\u00e5rt team. Hennes starka bakgrund inom strategisk f\u00f6rs\u00e4ljning, kreativ marknadsf\u00f6ring och kommunikation kommer att bidra v\u00e4sentligt till v\u00e5rt arbete med att f\u00f6rdjupa kontakten med publiken och f\u00f6rtydliga v\u00e5r roll i samh\u00e4llet\u201d, s\u00e4ger Joachim Thibblin, teaterchef p\u00e5 Svenska Teatern.\u00a0\u201dAtt f\u00e5 arbeta med att n\u00e5 ut med Svenska Teaterns inspirerande repertoar \u2013 och bygga broar mellan scen och publik \u2013 \u00e4r ett \u00e4rofyllt och inspirerande uppdrag\u201d s\u00e4ger Lotta Fagerlund i Svenska Teaterns pressmeddelande.\u00a0\" \/>\n<meta property=\"og:url\" content=\"https:\/\/svenskateatern.fi\/fi\/lotta-fagerlund-svenska-teaternin-uudeksi-myynti-ja-markkinointipaallikoksi\/\" \/>\n<meta property=\"og:site_name\" content=\"Svenska Teatern\" \/>\n<meta property=\"article:published_time\" content=\"2025-04-16T06:18:57+00:00\" \/>\n<meta property=\"article:modified_time\" content=\"2025-04-22T08:26:59+00:00\" \/>\n<meta property=\"og:image\" content=\"https:\/\/svenskateatern.fi\/wp-content\/uploads\/2025\/04\/Lotta_F_WEB-1024x640.png\" \/>\n\t<meta property=\"og:image:width\" content=\"1024\" \/>\n\t<meta property=\"og:image:height\" content=\"640\" \/>\n\t<meta property=\"og:image:type\" content=\"image\/png\" \/>\n<meta name=\"author\" content=\"david.lindstrom\" \/>\n<meta name=\"twitter:card\" content=\"summary_large_image\" \/>\n<meta name=\"twitter:label1\" content=\"Kirjoittanut\" \/>\n\t<meta name=\"twitter:data1\" content=\"david.lindstrom\" \/>\n\t<meta name=\"twitter:label2\" content=\"Arvioitu lukuaika\" \/>\n\t<meta name=\"twitter:data2\" content=\"5 minuuttia\" \/>\n<script type=\"application\/ld+json\" class=\"yoast-schema-graph\">{\"@context\":\"https:\/\/schema.org\",\"@graph\":[{\"@type\":\"Article\",\"@id\":\"https:\/\/svenskateatern.fi\/fi\/lotta-fagerlund-svenska-teaternin-uudeksi-myynti-ja-markkinointipaallikoksi\/#article\",\"isPartOf\":{\"@id\":\"https:\/\/svenskateatern.fi\/fi\/lotta-fagerlund-svenska-teaternin-uudeksi-myynti-ja-markkinointipaallikoksi\/\"},\"author\":{\"name\":\"david.lindstrom\",\"@id\":\"https:\/\/svenskateatern.fi\/fi\/#\/schema\/person\/148514734584b911962a6d2c8e627fef\"},\"headline\":\"Lotta Fagerlund aloittaa Svenska Teaternin myynti- ja markkinointip\u00e4\u00e4llikk\u00f6n\u00e4\",\"datePublished\":\"2025-04-16T06:18:57+00:00\",\"dateModified\":\"2025-04-22T08:26:59+00:00\",\"mainEntityOfPage\":{\"@id\":\"https:\/\/svenskateatern.fi\/fi\/lotta-fagerlund-svenska-teaternin-uudeksi-myynti-ja-markkinointipaallikoksi\/\"},\"wordCount\":323,\"image\":{\"@id\":\"https:\/\/svenskateatern.fi\/fi\/lotta-fagerlund-svenska-teaternin-uudeksi-myynti-ja-markkinointipaallikoksi\/#primaryimage\"},\"thumbnailUrl\":\"https:\/\/svenskateatern.fi\/wp-content\/uploads\/2025\/04\/Lotta_F_WEB_B.png\",\"keywords\":[\"F\u00f6rs\u00e4ljnings- och marknadsf\u00f6ringschef\",\"Lotta Fagerlund\",\"myynti- ja markkinointip\u00e4\u00e4llikk\u00f6\"],\"articleSection\":[\"Tiedotteet\",\"Uutiset\"],\"inLanguage\":\"fi\"},{\"@type\":\"WebPage\",\"@id\":\"https:\/\/svenskateatern.fi\/fi\/lotta-fagerlund-svenska-teaternin-uudeksi-myynti-ja-markkinointipaallikoksi\/\",\"url\":\"https:\/\/svenskateatern.fi\/fi\/lotta-fagerlund-svenska-teaternin-uudeksi-myynti-ja-markkinointipaallikoksi\/\",\"name\":\"Lotta Fagerlund aloittaa Svenska Teaternin myynti- ja markkinointip\u00e4\u00e4llikk\u00f6n\u00e4 - Svenska Teatern\",\"isPartOf\":{\"@id\":\"https:\/\/svenskateatern.fi\/fi\/#website\"},\"primaryImageOfPage\":{\"@id\":\"https:\/\/svenskateatern.fi\/fi\/lotta-fagerlund-svenska-teaternin-uudeksi-myynti-ja-markkinointipaallikoksi\/#primaryimage\"},\"image\":{\"@id\":\"https:\/\/svenskateatern.fi\/fi\/lotta-fagerlund-svenska-teaternin-uudeksi-myynti-ja-markkinointipaallikoksi\/#primaryimage\"},\"thumbnailUrl\":\"https:\/\/svenskateatern.fi\/wp-content\/uploads\/2025\/04\/Lotta_F_WEB_B.png\",\"datePublished\":\"2025-04-16T06:18:57+00:00\",\"dateModified\":\"2025-04-22T08:26:59+00:00\",\"author\":{\"@id\":\"https:\/\/svenskateatern.fi\/fi\/#\/schema\/person\/148514734584b911962a6d2c8e627fef\"},\"description\":\"Svenska Teatern vahvistaa johtoaan nimitt\u00e4m\u00e4ll\u00e4 Lotta Fagerlundin teatterin uudeksi myynti- ja markkinointip\u00e4\u00e4llik\u00f6ksi. H\u00e4n aloittaa teht\u00e4v\u00e4ss\u00e4\u00e4n 13. toukokuuta 2025.\u00a0\",\"breadcrumb\":{\"@id\":\"https:\/\/svenskateatern.fi\/fi\/lotta-fagerlund-svenska-teaternin-uudeksi-myynti-ja-markkinointipaallikoksi\/#breadcrumb\"},\"inLanguage\":\"fi\",\"potentialAction\":[{\"@type\":\"ReadAction\",\"target\":[\"https:\/\/svenskateatern.fi\/fi\/lotta-fagerlund-svenska-teaternin-uudeksi-myynti-ja-markkinointipaallikoksi\/\"]}]},{\"@type\":\"ImageObject\",\"inLanguage\":\"fi\",\"@id\":\"https:\/\/svenskateatern.fi\/fi\/lotta-fagerlund-svenska-teaternin-uudeksi-myynti-ja-markkinointipaallikoksi\/#primaryimage\",\"url\":\"https:\/\/svenskateatern.fi\/wp-content\/uploads\/2025\/04\/Lotta_F_WEB_B.png\",\"contentUrl\":\"https:\/\/svenskateatern.fi\/wp-content\/uploads\/2025\/04\/Lotta_F_WEB_B.png\",\"width\":1920,\"height\":1200,\"caption\":\"Lotta Fagerlund, ny f\u00f6rs\u00e4ljnings och marknadsf\u00f6ringschef p\u00e5 Svenska Teatern fr\u00e5n och med 13 maj 2025.\"},{\"@type\":\"BreadcrumbList\",\"@id\":\"https:\/\/svenskateatern.fi\/fi\/lotta-fagerlund-svenska-teaternin-uudeksi-myynti-ja-markkinointipaallikoksi\/#breadcrumb\",\"itemListElement\":[{\"@type\":\"ListItem\",\"position\":1,\"name\":\"Etusivu\",\"item\":\"https:\/\/svenskateatern.fi\/fi\/\"},{\"@type\":\"ListItem\",\"position\":2,\"name\":\"Lotta Fagerlund aloittaa Svenska Teaternin myynti- ja markkinointip\u00e4\u00e4llikk\u00f6n\u00e4\"}]},{\"@type\":\"WebSite\",\"@id\":\"https:\/\/svenskateatern.fi\/fi\/#website\",\"url\":\"https:\/\/svenskateatern.fi\/fi\/\",\"name\":\"Svenska Teatern\",\"description\":\"\",\"potentialAction\":[{\"@type\":\"SearchAction\",\"target\":{\"@type\":\"EntryPoint\",\"urlTemplate\":\"https:\/\/svenskateatern.fi\/fi\/?s={search_term_string}\"},\"query-input\":{\"@type\":\"PropertyValueSpecification\",\"valueRequired\":true,\"valueName\":\"search_term_string\"}}],\"inLanguage\":\"fi\"},{\"@type\":\"Person\",\"@id\":\"https:\/\/svenskateatern.fi\/fi\/#\/schema\/person\/148514734584b911962a6d2c8e627fef\",\"name\":\"david.lindstrom\",\"image\":{\"@type\":\"ImageObject\",\"inLanguage\":\"fi\",\"@id\":\"https:\/\/svenskateatern.fi\/fi\/#\/schema\/person\/image\/\",\"url\":\"https:\/\/secure.gravatar.com\/avatar\/5f4010a4cf4e856baa476e9a6fd317ecf5c5d6bdfe9acbc22592b389e62d3d86?s=96&d=mm&r=g\",\"contentUrl\":\"https:\/\/secure.gravatar.com\/avatar\/5f4010a4cf4e856baa476e9a6fd317ecf5c5d6bdfe9acbc22592b389e62d3d86?s=96&d=mm&r=g\",\"caption\":\"david.lindstrom\"}}]}<\/script>\n<!-- \/ Yoast SEO plugin. -->","yoast_head_json":{"title":"Lotta Fagerlund aloittaa Svenska Teaternin myynti- ja markkinointip\u00e4\u00e4llikk\u00f6n\u00e4 - Svenska Teatern","description":"Svenska Teatern vahvistaa johtoaan nimitt\u00e4m\u00e4ll\u00e4 Lotta Fagerlundin teatterin uudeksi myynti- ja markkinointip\u00e4\u00e4llik\u00f6ksi. H\u00e4n aloittaa teht\u00e4v\u00e4ss\u00e4\u00e4n 13. toukokuuta 2025.\u00a0","robots":{"index":"index","follow":"follow","max-snippet":"max-snippet:-1","max-image-preview":"max-image-preview:large","max-video-preview":"max-video-preview:-1"},"canonical":"https:\/\/svenskateatern.fi\/fi\/lotta-fagerlund-svenska-teaternin-uudeksi-myynti-ja-markkinointipaallikoksi\/","og_locale":"fi_FI","og_type":"article","og_title":"Lotta Fagerlund blir ny f\u00f6rs\u00e4ljnings- och marknadsf\u00f6ringschef p\u00e5 Svenska Teatern\u00a0","og_description":"Svenska Teatern st\u00e4rker sin ledning med rekryteringen av Lotta Fagerlund till tj\u00e4nsten som f\u00f6rs\u00e4ljnings- och marknadsf\u00f6ringschef. Hon tilltr\u00e4der sin roll den 13 maj 2025. \u201dVi \u00e4r mycket glada \u00f6ver att v\u00e4lkomna Lotta till v\u00e5rt team. Hennes starka bakgrund inom strategisk f\u00f6rs\u00e4ljning, kreativ marknadsf\u00f6ring och kommunikation kommer att bidra v\u00e4sentligt till v\u00e5rt arbete med att f\u00f6rdjupa kontakten med publiken och f\u00f6rtydliga v\u00e5r roll i samh\u00e4llet\u201d, s\u00e4ger Joachim Thibblin, teaterchef p\u00e5 Svenska Teatern.\u00a0\u201dAtt f\u00e5 arbeta med att n\u00e5 ut med Svenska Teaterns inspirerande repertoar \u2013 och bygga broar mellan scen och publik \u2013 \u00e4r ett \u00e4rofyllt och inspirerande uppdrag\u201d s\u00e4ger Lotta Fagerlund i Svenska Teaterns pressmeddelande.\u00a0","og_url":"https:\/\/svenskateatern.fi\/fi\/lotta-fagerlund-svenska-teaternin-uudeksi-myynti-ja-markkinointipaallikoksi\/","og_site_name":"Svenska Teatern","article_published_time":"2025-04-16T06:18:57+00:00","article_modified_time":"2025-04-22T08:26:59+00:00","og_image":[{"width":1024,"height":640,"url":"https:\/\/svenskateatern.fi\/wp-content\/uploads\/2025\/04\/Lotta_F_WEB-1024x640.png","type":"image\/png"}],"author":"david.lindstrom","twitter_card":"summary_large_image","twitter_misc":{"Kirjoittanut":"david.lindstrom","Arvioitu lukuaika":"5 minuuttia"},"schema":{"@context":"https:\/\/schema.org","@graph":[{"@type":"Article","@id":"https:\/\/svenskateatern.fi\/fi\/lotta-fagerlund-svenska-teaternin-uudeksi-myynti-ja-markkinointipaallikoksi\/#article","isPartOf":{"@id":"https:\/\/svenskateatern.fi\/fi\/lotta-fagerlund-svenska-teaternin-uudeksi-myynti-ja-markkinointipaallikoksi\/"},"author":{"name":"david.lindstrom","@id":"https:\/\/svenskateatern.fi\/fi\/#\/schema\/person\/148514734584b911962a6d2c8e627fef"},"headline":"Lotta Fagerlund aloittaa Svenska Teaternin myynti- ja markkinointip\u00e4\u00e4llikk\u00f6n\u00e4","datePublished":"2025-04-16T06:18:57+00:00","dateModified":"2025-04-22T08:26:59+00:00","mainEntityOfPage":{"@id":"https:\/\/svenskateatern.fi\/fi\/lotta-fagerlund-svenska-teaternin-uudeksi-myynti-ja-markkinointipaallikoksi\/"},"wordCount":323,"image":{"@id":"https:\/\/svenskateatern.fi\/fi\/lotta-fagerlund-svenska-teaternin-uudeksi-myynti-ja-markkinointipaallikoksi\/#primaryimage"},"thumbnailUrl":"https:\/\/svenskateatern.fi\/wp-content\/uploads\/2025\/04\/Lotta_F_WEB_B.png","keywords":["F\u00f6rs\u00e4ljnings- och marknadsf\u00f6ringschef","Lotta Fagerlund","myynti- ja markkinointip\u00e4\u00e4llikk\u00f6"],"articleSection":["Tiedotteet","Uutiset"],"inLanguage":"fi"},{"@type":"WebPage","@id":"https:\/\/svenskateatern.fi\/fi\/lotta-fagerlund-svenska-teaternin-uudeksi-myynti-ja-markkinointipaallikoksi\/","url":"https:\/\/svenskateatern.fi\/fi\/lotta-fagerlund-svenska-teaternin-uudeksi-myynti-ja-markkinointipaallikoksi\/","name":"Lotta Fagerlund aloittaa Svenska Teaternin myynti- ja markkinointip\u00e4\u00e4llikk\u00f6n\u00e4 - Svenska Teatern","isPartOf":{"@id":"https:\/\/svenskateatern.fi\/fi\/#website"},"primaryImageOfPage":{"@id":"https:\/\/svenskateatern.fi\/fi\/lotta-fagerlund-svenska-teaternin-uudeksi-myynti-ja-markkinointipaallikoksi\/#primaryimage"},"image":{"@id":"https:\/\/svenskateatern.fi\/fi\/lotta-fagerlund-svenska-teaternin-uudeksi-myynti-ja-markkinointipaallikoksi\/#primaryimage"},"thumbnailUrl":"https:\/\/svenskateatern.fi\/wp-content\/uploads\/2025\/04\/Lotta_F_WEB_B.png","datePublished":"2025-04-16T06:18:57+00:00","dateModified":"2025-04-22T08:26:59+00:00","author":{"@id":"https:\/\/svenskateatern.fi\/fi\/#\/schema\/person\/148514734584b911962a6d2c8e627fef"},"description":"Svenska Teatern vahvistaa johtoaan nimitt\u00e4m\u00e4ll\u00e4 Lotta Fagerlundin teatterin uudeksi myynti- ja markkinointip\u00e4\u00e4llik\u00f6ksi. H\u00e4n aloittaa teht\u00e4v\u00e4ss\u00e4\u00e4n 13. toukokuuta 2025.\u00a0","breadcrumb":{"@id":"https:\/\/svenskateatern.fi\/fi\/lotta-fagerlund-svenska-teaternin-uudeksi-myynti-ja-markkinointipaallikoksi\/#breadcrumb"},"inLanguage":"fi","potentialAction":[{"@type":"ReadAction","target":["https:\/\/svenskateatern.fi\/fi\/lotta-fagerlund-svenska-teaternin-uudeksi-myynti-ja-markkinointipaallikoksi\/"]}]},{"@type":"ImageObject","inLanguage":"fi","@id":"https:\/\/svenskateatern.fi\/fi\/lotta-fagerlund-svenska-teaternin-uudeksi-myynti-ja-markkinointipaallikoksi\/#primaryimage","url":"https:\/\/svenskateatern.fi\/wp-content\/uploads\/2025\/04\/Lotta_F_WEB_B.png","contentUrl":"https:\/\/svenskateatern.fi\/wp-content\/uploads\/2025\/04\/Lotta_F_WEB_B.png","width":1920,"height":1200,"caption":"Lotta Fagerlund, ny f\u00f6rs\u00e4ljnings och marknadsf\u00f6ringschef p\u00e5 Svenska Teatern fr\u00e5n och med 13 maj 2025."},{"@type":"BreadcrumbList","@id":"https:\/\/svenskateatern.fi\/fi\/lotta-fagerlund-svenska-teaternin-uudeksi-myynti-ja-markkinointipaallikoksi\/#breadcrumb","itemListElement":[{"@type":"ListItem","position":1,"name":"Etusivu","item":"https:\/\/svenskateatern.fi\/fi\/"},{"@type":"ListItem","position":2,"name":"Lotta Fagerlund aloittaa Svenska Teaternin myynti- ja markkinointip\u00e4\u00e4llikk\u00f6n\u00e4"}]},{"@type":"WebSite","@id":"https:\/\/svenskateatern.fi\/fi\/#website","url":"https:\/\/svenskateatern.fi\/fi\/","name":"Svenska Teatern","description":"","potentialAction":[{"@type":"SearchAction","target":{"@type":"EntryPoint","urlTemplate":"https:\/\/svenskateatern.fi\/fi\/?s={search_term_string}"},"query-input":{"@type":"PropertyValueSpecification","valueRequired":true,"valueName":"search_term_string"}}],"inLanguage":"fi"},{"@type":"Person","@id":"https:\/\/svenskateatern.fi\/fi\/#\/schema\/person\/148514734584b911962a6d2c8e627fef","name":"david.lindstrom","image":{"@type":"ImageObject","inLanguage":"fi","@id":"https:\/\/svenskateatern.fi\/fi\/#\/schema\/person\/image\/","url":"https:\/\/secure.gravatar.com\/avatar\/5f4010a4cf4e856baa476e9a6fd317ecf5c5d6bdfe9acbc22592b389e62d3d86?s=96&d=mm&r=g","contentUrl":"https:\/\/secure.gravatar.com\/avatar\/5f4010a4cf4e856baa476e9a6fd317ecf5c5d6bdfe9acbc22592b389e62d3d86?s=96&d=mm&r=g","caption":"david.lindstrom"}}]}},"_links":{"self":[{"href":"https:\/\/svenskateatern.fi\/fi\/wp-json\/wp\/v2\/posts\/28451","targetHints":{"allow":["GET"]}}],"collection":[{"href":"https:\/\/svenskateatern.fi\/fi\/wp-json\/wp\/v2\/posts"}],"about":[{"href":"https:\/\/svenskateatern.fi\/fi\/wp-json\/wp\/v2\/types\/post"}],"author":[{"embeddable":true,"href":"https:\/\/svenskateatern.fi\/fi\/wp-json\/wp\/v2\/users\/12"}],"replies":[{"embeddable":true,"href":"https:\/\/svenskateatern.fi\/fi\/wp-json\/wp\/v2\/comments?post=28451"}],"version-history":[{"count":4,"href":"https:\/\/svenskateatern.fi\/fi\/wp-json\/wp\/v2\/posts\/28451\/revisions"}],"predecessor-version":[{"id":28456,"href":"https:\/\/svenskateatern.fi\/fi\/wp-json\/wp\/v2\/posts\/28451\/revisions\/28456"}],"wp:featuredmedia":[{"embeddable":true,"href":"https:\/\/svenskateatern.fi\/fi\/wp-json\/wp\/v2\/media\/28446"}],"wp:attachment":[{"href":"https:\/\/svenskateatern.fi\/fi\/wp-json\/wp\/v2\/media?parent=28451"}],"wp:term":[{"taxonomy":"category","embeddable":true,"href":"https:\/\/svenskateatern.fi\/fi\/wp-json\/wp\/v2\/categories?post=28451"},{"taxonomy":"post_tag","embeddable":true,"href":"https:\/\/svenskateatern.fi\/fi\/wp-json\/wp\/v2\/tags?post=28451"}],"curies":[{"name":"wp","href":"https:\/\/api.w.org\/{rel}","templated":true}]}}