{"id":24962,"date":"2024-11-12T11:29:16","date_gmt":"2024-11-12T08:29:16","guid":{"rendered":"https:\/\/svenskateatern.fi\/?p=24962"},"modified":"2024-11-12T11:29:18","modified_gmt":"2024-11-12T08:29:18","slug":"pia-piltz-ihastui-svenska-teaternin-taikaan-jo-lapsena","status":"publish","type":"post","link":"https:\/\/svenskateatern.fi\/fi\/pia-piltz-ihastui-svenska-teaternin-taikaan-jo-lapsena\/","title":{"rendered":"Pia Piltz ihastui Svenska Teaternin taikaan jo lapsena"},"content":{"rendered":"<section id=\"block_75ec4c58114723511400fd779bb9dede_69f3adb89cbe2\" class=\"block block-content-wrapper container-fluid bg-white container-fluid\">\n\t<div class=\"container\n\t\t\tshow-all\"\n\t\t>\n\t\t<div class=\"row\">\n\t\t\t<div class=\"col-12 col-lg-8 offset-lg-2 col-hd-6 offset-hd-3\">\n\t\t\t\t<main class=\"entry-content\">\n\t\t\t\t\t\n\n<figure class=\"wp-block-image size-large\"><img loading=\"lazy\" decoding=\"async\" width=\"1024\" height=\"683\" src=\"https:\/\/svenskateatern.fi\/wp-content\/uploads\/2024\/11\/Pia-Piltz-01_1800px-1024x683.jpg\" alt=\"\" class=\"wp-image-24731\" srcset=\"https:\/\/svenskateatern.fi\/wp-content\/uploads\/2024\/11\/Pia-Piltz-01_1800px-1024x683.jpg 1024w, https:\/\/svenskateatern.fi\/wp-content\/uploads\/2024\/11\/Pia-Piltz-01_1800px-300x200.jpg 300w, https:\/\/svenskateatern.fi\/wp-content\/uploads\/2024\/11\/Pia-Piltz-01_1800px-768x512.jpg 768w, https:\/\/svenskateatern.fi\/wp-content\/uploads\/2024\/11\/Pia-Piltz-01_1800px-1536x1024.jpg 1536w, https:\/\/svenskateatern.fi\/wp-content\/uploads\/2024\/11\/Pia-Piltz-01_1800px.jpg 1800w\" sizes=\"auto, (max-width: 575px) 100vw, (max-width: 767px) 510px, (max-width: 991px) 290px, (max-width: 1199px) 530px, 840px\" \/><figcaption class=\"wp-element-caption\">Pia Piltz muistelee aikaa, jolloin h\u00e4n pienen\u00e4 tytt\u00f6n\u00e4 sai seurata iso\u00e4iti\u00e4\u00e4n Svenska Teaterniin \/ Kuva: Cata Portin<\/figcaption><\/figure>\n\n\n\n<p class=\"is-style-lead\">Pia Piltz t\u00e4hditt\u00e4\u00e4 Svenska Teaternin koko perheen Matilda-suurmusikaalia. Pia oli unelmiensa ty\u00f6paikalla jo pikkutytt\u00f6n\u00e4 teatterin kansliassa ty\u00f6skennelleen iso\u00e4itins\u00e4 mukana.&nbsp;&nbsp;<\/p>\n\n\n\n<p>T\u00e4m\u00e4 on parasta, mit\u00e4 tied\u00e4n. N\u00e4in kuusivuotias <strong>Pia Piltz<\/strong> ajatteli, kun h\u00e4n sai seurata pime\u00e4ss\u00e4 Svenska Teaternin katsomossa n\u00e4yttelij\u00f6iden harjoituksia. H\u00e4nen iso\u00e4itins\u00e4 ty\u00f6skenteli teatterin kansliassa, ja lapsenlapsi oli usein ty\u00f6paikalla mukana.&nbsp;&nbsp;<\/p>\n\n\n\n<p><em>\u201dLumouduin teatterin taiasta jo pikkutytt\u00f6n\u00e4. Haaveilin n\u00e4yttelij\u00e4n ammatista. En kuitenkaan tuolloin uskonut itseeni niin paljon, ett\u00e4 olisin ajatellut sen olevan mahdollista\u201d,<\/em> Pia sanoo.\u00a0<\/p>\n\n\n\n<p>Pian unelma k\u00e4vi toteen. Nyt h\u00e4n on noussut Svenska Teaternin Suurelle n\u00e4ytt\u00e4m\u00f6lle Matilda-musikaalissa. Koko perheelle suunnatussa teatteriesityksess\u00e4 Pia n\u00e4yttelee lempe\u00e4n ja viisaan opettajan, Miss Honeyn, roolia.\u00a0\u00a0\u00a0<\/p>\n\n\n\n<figure class=\"wp-block-image size-full is-resized\"><img loading=\"lazy\" decoding=\"async\" width=\"799\" height=\"533\" src=\"https:\/\/svenskateatern.fi\/wp-content\/uploads\/2024\/11\/54017952271_4e9ae4b432_c.jpg\" alt=\"\" class=\"wp-image-24751\" style=\"width:731px;height:auto\" srcset=\"https:\/\/svenskateatern.fi\/wp-content\/uploads\/2024\/11\/54017952271_4e9ae4b432_c.jpg 799w, https:\/\/svenskateatern.fi\/wp-content\/uploads\/2024\/11\/54017952271_4e9ae4b432_c-300x200.jpg 300w, https:\/\/svenskateatern.fi\/wp-content\/uploads\/2024\/11\/54017952271_4e9ae4b432_c-768x512.jpg 768w\" sizes=\"auto, (max-width: 575px) 100vw, (max-width: 767px) 510px, (max-width: 991px) 290px, (max-width: 1199px) 530px, 799px\" \/><figcaption class=\"wp-element-caption\">Lillian Bui Matildana ja Pia Piltz Miss Honeyna. Kuva: Cata Portin<\/figcaption><\/figure>\n\n\n\n<h2 class=\"wp-block-heading\">Kannustamisen ihmeellinen voima&nbsp;<\/h2>\n\n\n\n<p>Matilda-musikaali on maaginen kertomus tyt\u00f6st\u00e4, jolla on vilkas mielikuvitus ja yliluonnollisia kykyj\u00e4. Musikaalin p\u00e4\u00e4henkil\u00f6, Matilda, uskaltaa ottaa ohjat omiin k\u00e4siins\u00e4 ja muuttaa maailmaa. <strong>Roald Dahlin<\/strong> kirjaan perustuva musikaali on hurmannut yleis\u00f6n ja kriitikot useissa maissa.&nbsp;&nbsp;<\/p>\n\n\n\n<p><em>\u201dMusikaali kertoo siit\u00e4 voimasta, jolla yksi pieni ihminen voi muuttaa maailmaa paremmaksi paikaksi. Matildalla on rohkeutta puuttua v\u00e4\u00e4ryyksiin.\u201d\u00a0<\/em><\/p>\n\n\n\n<p>Matilda-musikaali on my\u00f6s tarina kannustamisen voimasta. Pialla on kokemusta siit\u00e4, kuinka paljon rohkaisevat sanat voivat saada aikaan.&nbsp;&nbsp;<\/p>\n\n\n\n<p><em>\u201dOlen onnekas, sill\u00e4 ymp\u00e4rill\u00e4ni on ollut monia ihmisi\u00e4, jotka ovat uskoneet minuun ja kannustaneet minua kulkemaan kohti unelmiani.\u201d\u00a0<\/em><\/p>\n\n\n\n<p>L\u00e4sn\u00e4oloa ja heitt\u00e4ytymist\u00e4 vaativa n\u00e4yttelij\u00e4n ammatti on Pialle sek\u00e4 ty\u00f6 ett\u00e4 el\u00e4m\u00e4ntapa. T\u00f6it\u00e4 tehd\u00e4\u00e4n kuutena p\u00e4iv\u00e4n\u00e4 viikossa, usein silloin, kun toiset ovat vapaalla. Pia kehuu Svenska Teaternin ty\u00f6yhteis\u00f6\u00e4.&nbsp;<\/p>\n\n\n\n<p><em>\u201dT\u00e4\u00e4ll\u00e4 annetaan tilaa luovuudelle, ja meist\u00e4 ty\u00f6ntekij\u00f6ist\u00e4 pidet\u00e4\u00e4n hyv\u00e4\u00e4 huolta.\u201d\u00a0\u00a0<\/em><\/p>\n\n\n\n<figure class=\"wp-block-image size-large is-resized\"><img loading=\"lazy\" decoding=\"async\" width=\"1024\" height=\"683\" src=\"https:\/\/svenskateatern.fi\/wp-content\/uploads\/2024\/11\/Pia-Piltz-04_1800px-1-1024x683.jpg\" alt=\"\" class=\"wp-image-24740\" style=\"width:731px;height:auto\" srcset=\"https:\/\/svenskateatern.fi\/wp-content\/uploads\/2024\/11\/Pia-Piltz-04_1800px-1-1024x683.jpg 1024w, https:\/\/svenskateatern.fi\/wp-content\/uploads\/2024\/11\/Pia-Piltz-04_1800px-1-300x200.jpg 300w, https:\/\/svenskateatern.fi\/wp-content\/uploads\/2024\/11\/Pia-Piltz-04_1800px-1-768x512.jpg 768w, https:\/\/svenskateatern.fi\/wp-content\/uploads\/2024\/11\/Pia-Piltz-04_1800px-1-1536x1024.jpg 1536w, https:\/\/svenskateatern.fi\/wp-content\/uploads\/2024\/11\/Pia-Piltz-04_1800px-1.jpg 1800w\" sizes=\"auto, (max-width: 575px) 100vw, (max-width: 767px) 510px, (max-width: 991px) 290px, (max-width: 1199px) 530px, 840px\" \/><figcaption class=\"wp-element-caption\">Pia Piltz istuu pukuhuoneessaan ja katsoo partituuria juuri ennen kuin h\u00e4n astuu lavalle \/ Kuva: Cata Portin<\/figcaption><\/figure>\n\n\n\n<h2 class=\"wp-block-heading\">Mieli rauhoittuu mets\u00e4lenkill\u00e4&nbsp;<\/h2>\n\n\n\n<p>Helsingiss\u00e4 syntynyt ja kasvanut Pia harrasti jo nuorena monenlaisia ilmaisutaidon keinoja tanssista laulamiseen ja n\u00e4yttelemisest\u00e4 pianon soittoon. Vuonna 2016 h\u00e4n valmistui teatteritaiteen maisteriksi Helsingin Teatterikorkeakoulusta.&nbsp;<\/p>\n\n\n\n<p>Samana vuonna Pia sai kiinnityksen Tampereen Teatteriin, jossa h\u00e4n on saanut vuosien varrella tehd\u00e4 useita rooleja sek\u00e4 puhen\u00e4ytelmiss\u00e4 ett\u00e4 musikaaleissa. Viimeisimp\u00e4n\u00e4 Pia esiintyi Anastasia-musikaalin nimiroolissa. H\u00e4n on vieraillut my\u00f6s Kansallisteatterissa ja Riihim\u00e4en teatterissa.&nbsp;<\/p>\n\n\n\n<p><em>\u201dSvenska Teaternin Matilda-musikaalin roolissa saan toteuttaa kolmea intohimoani: n\u00e4yttelemist\u00e4, tanssimista ja laulamista.\u201d\u00a0\u00a0<\/em><\/p>\n\n\n\n<p>Tampereella asuva Pia viett\u00e4\u00e4 vapaa-aikaansa mieluiten l\u00e4heistens\u00e4 seurassa ja luonnon rauhassa.&nbsp;&nbsp;<\/p>\n\n\n\n<p><em>\u201dSaan voimaa luonnossa liikkumisesta. Mets\u00e4 on rentoutumiskeitaani. Patikoin l\u00e4himets\u00e4ss\u00e4 tai l\u00e4hden y\u00f6n yli vaellukselle.\u201d\u00a0<\/em><\/p>\n\n\n\n<figure class=\"wp-block-embed is-type-video is-provider-youtube wp-block-embed-youtube wp-embed-aspect-16-9 wp-has-aspect-ratio\"><div class=\"wp-block-embed__wrapper\">\n<div class=\"oembed oembed-youtube\">  <div class='consent-placeholder cookieconsent-optout-marketing' onclick='Cookiebot.renew()'>  <img src='https:\/\/i.ytimg.com\/vi\/BXf_Tz_bNp8\/hqdefault.jpg' alt=''>  <div class='text-and-button'>  <p class='consent-text'><\/p>  <button type='button' class='wp-block-button__link'><\/button>  <\/div>  <\/div><iframe title=\"Matilda trailer - Svenska Teatern\" width=\"840\" height=\"473\" data-cookieblock-src=\"https:\/\/www.youtube.com\/embed\/BXf_Tz_bNp8?feature=oembed&#038;autoplay=1&#038;mute=1\" data-cookieconsent=\"marketing\" frameborder=\"0\" allow=\"accelerometer; autoplay; clipboard-write; encrypted-media; gyroscope; picture-in-picture; web-share\" referrerpolicy=\"strict-origin-when-cross-origin\" allowfullscreen><\/iframe><\/div>\n<\/div><\/figure>\n\n\n\n<h2 class=\"wp-block-heading\"><strong>Kulttuuri laajentaa maailmankatsomusta&nbsp;<\/strong><\/h2>\n\n\n\n<p>Kulttuuri on Pialle t\u00e4rke\u00e4\u00e4 sen monissa eri muodoissa teatterista kuvataiteeseen ja musiikista kirjallisuuteen. Kulttuuri laajentaa Pian maailmankatsomusta ja k\u00e4sityst\u00e4 omasta itsest\u00e4\u00e4n. Se on my\u00f6s tapa olla vuoropuhelussa toisten kanssa.&nbsp;&nbsp;<\/p>\n\n\n\n<p><em>\u201dKulttuuri on terveysteko. Sit\u00e4 nauttimalla voi oppia jotain maailmasta ja itsest\u00e4\u00e4n.\u201d\u00a0<\/em><\/p>\n\n\n\n<p>Pian mielest\u00e4 kulttuuri tekee meist\u00e4 v\u00e4h\u00e4n parempia ja inhimillisempi\u00e4 ihmisi\u00e4 toisillemme.&nbsp;<\/p>\n\n\n\n<p><em>\u201dJos emme vaali suomalaista kulttuuria, kadotamme jotain t\u00e4rke\u00e4\u00e4 omasta identiteetist\u00e4mme.\u201d\u00a0<\/em><\/p>\n\n\n\n<figure class=\"wp-block-image size-large\"><img loading=\"lazy\" decoding=\"async\" width=\"1024\" height=\"645\" src=\"https:\/\/svenskateatern.fi\/wp-content\/uploads\/2024\/11\/Pia-Piltz-05_1800px-1024x645.jpg\" alt=\"\" class=\"wp-image-24743\" srcset=\"https:\/\/svenskateatern.fi\/wp-content\/uploads\/2024\/11\/Pia-Piltz-05_1800px-1024x645.jpg 1024w, https:\/\/svenskateatern.fi\/wp-content\/uploads\/2024\/11\/Pia-Piltz-05_1800px-300x189.jpg 300w, https:\/\/svenskateatern.fi\/wp-content\/uploads\/2024\/11\/Pia-Piltz-05_1800px-768x484.jpg 768w, https:\/\/svenskateatern.fi\/wp-content\/uploads\/2024\/11\/Pia-Piltz-05_1800px-1536x968.jpg 1536w, https:\/\/svenskateatern.fi\/wp-content\/uploads\/2024\/11\/Pia-Piltz-05_1800px.jpg 1800w\" sizes=\"auto, (max-width: 575px) 100vw, (max-width: 767px) 510px, (max-width: 991px) 290px, (max-width: 1199px) 530px, 840px\" \/><figcaption class=\"wp-element-caption\">Rooli Miss Honeyna Matildassa on kaikin tavoin unelmarooli \/ Kuva: Cata Portin<\/figcaption><\/figure>\n\n\n\n<p>Ty\u00f6ss\u00e4\u00e4n Pia nauttii erityisesti yhdess\u00e4 tekemisest\u00e4. H\u00e4n inspiroituu ihmisist\u00e4 ymp\u00e4rill\u00e4\u00e4n ja siit\u00e4, ett\u00e4 esitykseen antaa ty\u00f6panoksensa niin monen eri alan ammattilaiset.&nbsp;&nbsp;<\/p>\n\n\n\n<p>Matilda-musikaali on ollut Pialle uusi haaste, sill\u00e4 h\u00e4n esiintyy ensimm\u00e4ist\u00e4 kertaa ruotsiksi ammattiteatterissa. Pia on puhunut kotona is\u00e4ns\u00e4 kanssa ruotsia, mutta suomi on h\u00e4nen vahvin kielens\u00e4.&nbsp;&nbsp;<\/p>\n\n\n\n<p><em>\u201dN\u00e4ytteleminen ruotsiksi on vaatinut aivojen k\u00e4\u00e4nt\u00e4mist\u00e4 uuteen asentoon ja virheiden siet\u00e4mist\u00e4.\u201d\u00a0\u00a0<\/em><\/p>\n\n\n\n<p>Pia toivottaa jokaisen, \u00e4idinkieleen katsomatta, l\u00e4mpim\u00e4sti tervetulleeksi Svenska Teaternin Matilda-musikaaliin. Toukokuulle 2025 asti ohjelmistossa olevan musikaalin esityskieli on ruotsi. Esitys tekstitetty suomeksi ja ruotsiksi.<\/p>\n\n\n\t\t\t\t<\/main>\n\t\t\t<\/div>\n\t\t<\/div>\n\n\t\t\n\t<\/div>\n<\/section>\n\n\n\n<section class=\"block block-image-beside-content container-fluid container-fluid bg-white\">\n    <div class=\"container\">\n        <div class=\"row\">\n            <div class=\"col-12 col-md-6 image-col\">\n                <div class=\"align-items-center\">\n                                            <img decoding=\"async\" src=\"https:\/\/svenskateatern.fi\/wp-content\/uploads\/2024\/06\/Pia_Piltz-ny24.jpg\" width=\"1440\" height=\"1800\" alt=\"Pia Piltz\" loading=\"lazy\">                                    <\/div>\n            <\/div>\n            <div class=\"col-12 col-md-6 text-col\">\n                <div class=\"align-items-center\">\n                    <main class=\"entry-content\">\n                        \n\n<h2 class=\"wp-block-heading\">Pia Pilz, 34 \u00e5r<\/h2>\n\n\n\n<ul class=\"wp-block-list\">\n<li><strong>Syntyi:<\/strong> Vuonna 1990 Helsingiss\u00e4.&nbsp;&nbsp;<\/li>\n\n\n\n<li><strong>Ty\u00f6:<\/strong> N\u00e4yttelij\u00e4.&nbsp;&nbsp;<\/li>\n\n\n\n<li><strong>Koulutus:<\/strong> Valmistui teatteritaiteen maisteriksi 2016 Helsingin Teatterikorkeakoulusta.&nbsp;&nbsp;<\/li>\n\n\n\n<li><strong>Asuu: <\/strong>Tampereella.&nbsp;&nbsp;<\/li>\n\n\n\n<li><strong>Harrastukset: <\/strong>Ruuanlaitto, ulkoilu, matkustaminen, taide, tanssi ja laulaminen.&nbsp;&nbsp;<\/li>\n\n\n\n<li><strong>Motto:<\/strong> Kaikki j\u00e4rjestyy, tavalla tai toisella.&nbsp;<\/li>\n\n\n\n<li><strong>Ajankohtaista:<\/strong> Esiintyy Svenska Teaternin Matilda-suurmusikaalissa Miss Honeyn roolissa.&nbsp;<\/li>\n<\/ul>\n\n\n                    <\/main>\n                <\/div>\n            <\/div>\n        <\/div>\n    <\/div>\n<\/section>\n\n\n\n<section class=\"block block-article-highlights container-fluid bg-white\">\n\t<div class=\"container\">\n\t\t\n\t\t<div class=\"row highlights\">\n\t\t\t\t\t\t\t\t\t\t\t<div class=\"col col-12 col-md-4\">\n\t\t\t\t\t\n<a class=\"card\" href=\"https:\/\/svenskateatern.fi\/fi\/matilda-svenska-teaterns-succemusikal\/\" rel=\"no-opener\">\n\t<div class=\"image\" aria-hidden=\"true\">\n\t\t\t\t\t<img decoding=\"async\" src=\"https:\/\/svenskateatern.fi\/wp-content\/uploads\/2024\/10\/recensioner-bild-2.png\" alt=\"\u201dSvenska Teaternin Matilda s\u00e4v\u00e4ytt\u00e4\u00e4 katsojaansa\u201d \u2605\u2605\u2605\u2605\">\n\t\t\t<\/div>\n\t<div class=\"meta\">\n\t\t\t\t\t<span class=\"main-category\">Arvostelut<\/span>\n\t\t\t\t<span class=\"date\">1.10.2024<\/span>\n\t<\/div>\n\t<h3 class=\"post-title\">\u201dSvenska Teaternin Matilda s\u00e4v\u00e4ytt\u00e4\u00e4 katsojaansa\u201d \u2605\u2605\u2605\u2605<\/h3>\n<\/a>\n<div class=\"excerpt\">&#8221;Matilda Svenska Teaternilla Markus Virtan ohjauksessa on yksinkertaisesti valtavan hyvin n\u00e4ytelty esitys, t\u00e4ynn\u00e4 aitoa n\u00e4ytt\u00e4m\u00f6iloa.&#8221; N\u00e4in kirjoittaa Svenska Yle. Olemme koonneet kokonaisen sivun arvosteluja ja yleis\u00f6kommentteja.<\/div>\t\t\t\t<\/div>\n\t\t\t\t\t\t\t\t<div class=\"col col-12 col-md-4\">\n\t\t\t\t\t\n<a class=\"card\" href=\"https:\/\/svenskateatern.fi\/fi\/tassa-ovat-matildat-lillian-lisa-ja-alexandra\/\" rel=\"no-opener\">\n\t<div class=\"image\" aria-hidden=\"true\">\n\t\t\t\t\t<img decoding=\"async\" src=\"https:\/\/svenskateatern.fi\/wp-content\/uploads\/2024\/01\/Matilda-lores-Valtteri-Kantanen-277.jpg\" alt=\"T\u00e4ss\u00e4 ovat Matildat! Lillian, Lisa ja Alexandra\">\n\t\t\t<\/div>\n\t<div class=\"meta\">\n\t\t\t\t\t<span class=\"main-category\">Uutiset<\/span>\n\t\t\t\t<span class=\"date\">24.1.2024<\/span>\n\t<\/div>\n\t<h3 class=\"post-title\">T\u00e4ss\u00e4 ovat Matildat! Lillian, Lisa ja Alexandra<\/h3>\n<\/a>\n<div class=\"excerpt\">26. syyskuuta Suurella n\u00e4ytt\u00e4m\u00f6ll\u00e4 tulee ensi-iltaan Matilda-musikaali. Matildan roolissa vuorottelee kolme lasta. Alexandra Borgstr\u00f6m ja Lillian Bui ovat molemmat 10-vuotiaita, ja teatterin nuorin Matilda on 8-vuotias Lisa Kulmala. He ovat jo kavereita kesken\u00e4\u00e4n ja pelk\u00e4st\u00e4\u00e4n hyvill\u00e4\u00e4n siit\u00e4, ett\u00e4 jakavat p\u00e4\u00e4osan.<\/div>\t\t\t\t<\/div>\n\t\t\t\t\t\t\t\t<div class=\"col col-12 col-md-4\">\n\t\t\t\t\t\n<a class=\"card\" href=\"https:\/\/svenskateatern.fi\/fi\/pian-ensi-ilta-matildasta-lapset-ovat-mahtavia-lavalla\/\" rel=\"no-opener\">\n\t<div class=\"image\" aria-hidden=\"true\">\n\t\t\t\t\t<img decoding=\"async\" src=\"https:\/\/svenskateatern.fi\/wp-content\/uploads\/2024\/08\/Making-of-Matilda-14-1-1920x1280.jpg\" alt=\"Pian ensi-ilta Matildasta \u201dLapset ovat mahtavia lavalla\u201d\">\n\t\t\t<\/div>\n\t<div class=\"meta\">\n\t\t\t\t\t<span class=\"main-category\">Uutiset<\/span>\n\t\t\t\t<span class=\"date\">30.8.2024<\/span>\n\t<\/div>\n\t<h3 class=\"post-title\">Pian ensi-ilta Matildasta \u201dLapset ovat mahtavia lavalla\u201d<\/h3>\n<\/a>\n<div class=\"excerpt\">Matildan ensi-ilta l\u00e4hestyy. Viimeisi\u00e4 tanssiaskeleita ja koreografioita hiotaan. Koreografi Gunilla Olssonille on t\u00e4rke\u00e4\u00e4, ett\u00e4 tunnelma on leikkis\u00e4\u00e4 ja ett\u00e4 lapsilla on hauskaa.\nNyt lapset alkavat olemaan v\u00e4h\u00e4n j\u00e4nnittyneit\u00e4, kun he p\u00e4\u00e4sev\u00e4t Suurelle n\u00e4ytt\u00e4m\u00f6lle! Katso videot ja kuvat intensiivisist\u00e4, vauhdikkaista ja iloisista harjoituksista.<\/div>\t\t\t\t<\/div>\n\t\t\t\t\t\t\t\t\t<\/div>\n\n\t\t<div class=\"row d-block d-md-none mobile-links\">\n\t\t\t<div class=\"col\">\n\t\t\t\t\t\t\t<\/div>\n\t\t<\/div>\n\t<\/div>\n<\/section>\n\n\n\n<section class=\"block block-image-beside-content container-fluid container-fluid bg-black\">\n    <div class=\"container\">\n        <div class=\"row\">\n            <div class=\"col-12 col-md-6 image-col\">\n                <div class=\"align-items-center\">\n                                            <img decoding=\"async\" src=\"https:\/\/svenskateatern.fi\/wp-content\/uploads\/2024\/03\/Matilda-Alexandra-5050_01.jpg\" width=\"1080\" height=\"1080\" alt=\"Tytt\u00f6 Matilda seisoo keskell\u00e4. Toisella puolella seisoo ankaran n\u00e4k\u00f6inen nainen sauva k\u00e4dess\u00e4\u00e4n. Toisella puolella seisoo nuorempi nainen, h\u00e4nell\u00e4 on pehme\u00e4 ilme kasvoillaan ja kirja k\u00e4dess\u00e4\u00e4n.\" loading=\"lazy\">                                    <\/div>\n            <\/div>\n            <div class=\"col-12 col-md-6 text-col\">\n                <div class=\"align-items-center\">\n                    <main class=\"entry-content\">\n                        \n\n<h2 class=\"wp-block-heading\"><strong>Maaginen musikaali kerrassaan ihmeellisest\u00e4 lapsesta<\/strong>&nbsp;<\/h2>\n\n\n\n<p class=\"is-style-lead\">Matilda-musikaali on loistava tarina tyt\u00f6st\u00e4, joka on poikkeuksellisen rohkea, mielikuvituksellinen ja \u00e4lyk\u00e4s.<\/p>\n\n\n\n<p>Ohjelmistossa: 26.9.2024&nbsp;\u2013 16.5.2025<\/p>\n\n\n\n<p>Kesto: n. 2 t 45 min<\/p>\n\n\n\n<p>Tekstitys: Esityskieli on ruotsi. <strong>Tekstitys suomeksi, <\/strong>ruotsiksi.<\/p>\n\n\n\n<p>*Esityst\u00e4 suositellaan yli 6-vuotiaille, kouluryhm\u00e4ss\u00e4 yli 8-vuotiaille<\/p>\n\n\n\n<div class=\"wp-block-buttons is-layout-flex wp-block-buttons-is-layout-flex\">\n<div class=\"wp-block-button\"><a class=\"wp-block-button__link wp-element-button\" href=\"https:\/\/svenskateatern.fi\/fi\/ohjelmisto\/matilda\/\" target=\"_blank\" rel=\"noreferrer noopener\">Matilda kotisivu<\/a><\/div>\n\n\n\n<div class=\"wp-block-button\"><a class=\"wp-block-button__link wp-element-button\" href=\"https:\/\/biljetter.svenskateatern.fi\/fi\/buyingflow\/tickets\/12196\/\">osta lippu<\/a><\/div>\n<\/div>\n\n\n                    <\/main>\n                <\/div>\n            <\/div>\n        <\/div>\n    <\/div>\n<\/section>\n","protected":false},"excerpt":{"rendered":"<p>Pia Piltz t\u00e4hditt\u00e4\u00e4 Svenska Teaternin koko perheen Matilda-suurmusikaalia. Pia oli unelmiensa ty\u00f6paikalla jo pikkutytt\u00f6n\u00e4 teatterin kansliassa ty\u00f6skennelleen iso\u00e4itins\u00e4 mukana.  <\/p>\n","protected":false},"author":12,"featured_media":24739,"comment_status":"closed","ping_status":"closed","sticky":false,"template":"","format":"standard","meta":{"_acf_changed":false,"_relevanssi_hide_post":"","_relevanssi_hide_content":"","_relevanssi_pin_for_all":"","_relevanssi_pin_keywords":"","_relevanssi_unpin_keywords":"","_relevanssi_related_keywords":"","_relevanssi_related_include_ids":"","_relevanssi_related_exclude_ids":"","_relevanssi_related_no_append":"","_relevanssi_related_not_related":"","_relevanssi_related_posts":"13617,13650,7346,12188,11252,20256","_relevanssi_noindex_reason":"","footnotes":""},"categories":[1],"tags":[],"class_list":["post-24962","post","type-post","status-publish","format-standard","has-post-thumbnail","hentry","category-uutiset"],"acf":[],"yoast_head":"<!-- This site is optimized with the Yoast SEO plugin v27.0 - https:\/\/yoast.com\/product\/yoast-seo-wordpress\/ -->\n<title>Pia Piltz ihastui Svenska Teaternin taikaan jo lapsena - Svenska Teatern<\/title>\n<meta name=\"description\" content=\"Pia Piltz t\u00e4hditt\u00e4\u00e4 Svenska Teaternin koko perheen Matilda-suurmusikaalia. Pia oli unelmiensa ty\u00f6paikalla jo pikkutytt\u00f6n\u00e4 teatterin kansliassa ty\u00f6skennelleen iso\u00e4itins\u00e4 mukana.\" \/>\n<meta name=\"robots\" content=\"index, follow, max-snippet:-1, max-image-preview:large, max-video-preview:-1\" \/>\n<link rel=\"canonical\" href=\"https:\/\/svenskateatern.fi\/fi\/pia-piltz-ihastui-svenska-teaternin-taikaan-jo-lapsena\/\" \/>\n<meta property=\"og:locale\" content=\"fi_FI\" \/>\n<meta property=\"og:type\" content=\"article\" \/>\n<meta property=\"og:title\" content=\"Pia Piltz: &quot;Rooli Miss Honeyna Matildassa on kaikin tavoin unelmarooli &quot;\" \/>\n<meta property=\"og:description\" content=\"Pia Piltz t\u00e4hditt\u00e4\u00e4 Svenska Teaternin koko perheen Matilda-suurmusikaalia. Pia oli unelmiensa ty\u00f6paikalla jo pikkutytt\u00f6n\u00e4 teatterin kansliassa ty\u00f6skennelleen iso\u00e4itins\u00e4 mukana.\" \/>\n<meta property=\"og:url\" content=\"https:\/\/svenskateatern.fi\/fi\/pia-piltz-ihastui-svenska-teaternin-taikaan-jo-lapsena\/\" \/>\n<meta property=\"og:site_name\" content=\"Svenska Teatern\" \/>\n<meta property=\"article:published_time\" content=\"2024-11-12T08:29:16+00:00\" \/>\n<meta property=\"article:modified_time\" content=\"2024-11-12T08:29:18+00:00\" \/>\n<meta property=\"og:image\" content=\"https:\/\/svenskateatern.fi\/wp-content\/uploads\/2024\/11\/Pia-Piltz-01_1800px.jpg\" \/>\n\t<meta property=\"og:image:width\" content=\"1800\" \/>\n\t<meta property=\"og:image:height\" content=\"1200\" \/>\n\t<meta property=\"og:image:type\" content=\"image\/jpeg\" \/>\n<meta name=\"author\" content=\"david.lindstrom\" \/>\n<meta name=\"twitter:card\" content=\"summary_large_image\" \/>\n<meta name=\"twitter:label1\" content=\"Kirjoittanut\" \/>\n\t<meta name=\"twitter:data1\" content=\"david.lindstrom\" \/>\n\t<meta name=\"twitter:label2\" content=\"Arvioitu lukuaika\" \/>\n\t<meta name=\"twitter:data2\" content=\"10 minuuttia\" \/>\n<script type=\"application\/ld+json\" class=\"yoast-schema-graph\">{\"@context\":\"https:\/\/schema.org\",\"@graph\":[{\"@type\":\"Article\",\"@id\":\"https:\/\/svenskateatern.fi\/fi\/pia-piltz-ihastui-svenska-teaternin-taikaan-jo-lapsena\/#article\",\"isPartOf\":{\"@id\":\"https:\/\/svenskateatern.fi\/fi\/pia-piltz-ihastui-svenska-teaternin-taikaan-jo-lapsena\/\"},\"author\":{\"name\":\"david.lindstrom\",\"@id\":\"https:\/\/svenskateatern.fi\/fi\/#\/schema\/person\/148514734584b911962a6d2c8e627fef\"},\"headline\":\"Pia Piltz ihastui Svenska Teaternin taikaan jo lapsena\",\"datePublished\":\"2024-11-12T08:29:16+00:00\",\"dateModified\":\"2024-11-12T08:29:18+00:00\",\"mainEntityOfPage\":{\"@id\":\"https:\/\/svenskateatern.fi\/fi\/pia-piltz-ihastui-svenska-teaternin-taikaan-jo-lapsena\/\"},\"wordCount\":757,\"image\":{\"@id\":\"https:\/\/svenskateatern.fi\/fi\/pia-piltz-ihastui-svenska-teaternin-taikaan-jo-lapsena\/#primaryimage\"},\"thumbnailUrl\":\"https:\/\/svenskateatern.fi\/wp-content\/uploads\/2024\/11\/Pia_Piltz_nyhets_ingang.jpg\",\"articleSection\":[\"Uutiset\"],\"inLanguage\":\"fi\"},{\"@type\":\"WebPage\",\"@id\":\"https:\/\/svenskateatern.fi\/fi\/pia-piltz-ihastui-svenska-teaternin-taikaan-jo-lapsena\/\",\"url\":\"https:\/\/svenskateatern.fi\/fi\/pia-piltz-ihastui-svenska-teaternin-taikaan-jo-lapsena\/\",\"name\":\"Pia Piltz ihastui Svenska Teaternin taikaan jo lapsena - Svenska Teatern\",\"isPartOf\":{\"@id\":\"https:\/\/svenskateatern.fi\/fi\/#website\"},\"primaryImageOfPage\":{\"@id\":\"https:\/\/svenskateatern.fi\/fi\/pia-piltz-ihastui-svenska-teaternin-taikaan-jo-lapsena\/#primaryimage\"},\"image\":{\"@id\":\"https:\/\/svenskateatern.fi\/fi\/pia-piltz-ihastui-svenska-teaternin-taikaan-jo-lapsena\/#primaryimage\"},\"thumbnailUrl\":\"https:\/\/svenskateatern.fi\/wp-content\/uploads\/2024\/11\/Pia_Piltz_nyhets_ingang.jpg\",\"datePublished\":\"2024-11-12T08:29:16+00:00\",\"dateModified\":\"2024-11-12T08:29:18+00:00\",\"author\":{\"@id\":\"https:\/\/svenskateatern.fi\/fi\/#\/schema\/person\/148514734584b911962a6d2c8e627fef\"},\"description\":\"Pia Piltz t\u00e4hditt\u00e4\u00e4 Svenska Teaternin koko perheen Matilda-suurmusikaalia. Pia oli unelmiensa ty\u00f6paikalla jo pikkutytt\u00f6n\u00e4 teatterin kansliassa ty\u00f6skennelleen iso\u00e4itins\u00e4 mukana.\",\"breadcrumb\":{\"@id\":\"https:\/\/svenskateatern.fi\/fi\/pia-piltz-ihastui-svenska-teaternin-taikaan-jo-lapsena\/#breadcrumb\"},\"inLanguage\":\"fi\",\"potentialAction\":[{\"@type\":\"ReadAction\",\"target\":[\"https:\/\/svenskateatern.fi\/fi\/pia-piltz-ihastui-svenska-teaternin-taikaan-jo-lapsena\/\"]}]},{\"@type\":\"ImageObject\",\"inLanguage\":\"fi\",\"@id\":\"https:\/\/svenskateatern.fi\/fi\/pia-piltz-ihastui-svenska-teaternin-taikaan-jo-lapsena\/#primaryimage\",\"url\":\"https:\/\/svenskateatern.fi\/wp-content\/uploads\/2024\/11\/Pia_Piltz_nyhets_ingang.jpg\",\"contentUrl\":\"https:\/\/svenskateatern.fi\/wp-content\/uploads\/2024\/11\/Pia_Piltz_nyhets_ingang.jpg\",\"width\":1200,\"height\":850},{\"@type\":\"BreadcrumbList\",\"@id\":\"https:\/\/svenskateatern.fi\/fi\/pia-piltz-ihastui-svenska-teaternin-taikaan-jo-lapsena\/#breadcrumb\",\"itemListElement\":[{\"@type\":\"ListItem\",\"position\":1,\"name\":\"Etusivu\",\"item\":\"https:\/\/svenskateatern.fi\/fi\/\"},{\"@type\":\"ListItem\",\"position\":2,\"name\":\"Pia Piltz ihastui Svenska Teaternin taikaan jo lapsena\"}]},{\"@type\":\"WebSite\",\"@id\":\"https:\/\/svenskateatern.fi\/fi\/#website\",\"url\":\"https:\/\/svenskateatern.fi\/fi\/\",\"name\":\"Svenska Teatern\",\"description\":\"\",\"potentialAction\":[{\"@type\":\"SearchAction\",\"target\":{\"@type\":\"EntryPoint\",\"urlTemplate\":\"https:\/\/svenskateatern.fi\/fi\/?s={search_term_string}\"},\"query-input\":{\"@type\":\"PropertyValueSpecification\",\"valueRequired\":true,\"valueName\":\"search_term_string\"}}],\"inLanguage\":\"fi\"},{\"@type\":\"Person\",\"@id\":\"https:\/\/svenskateatern.fi\/fi\/#\/schema\/person\/148514734584b911962a6d2c8e627fef\",\"name\":\"david.lindstrom\",\"image\":{\"@type\":\"ImageObject\",\"inLanguage\":\"fi\",\"@id\":\"https:\/\/svenskateatern.fi\/fi\/#\/schema\/person\/image\/\",\"url\":\"https:\/\/secure.gravatar.com\/avatar\/5f4010a4cf4e856baa476e9a6fd317ecf5c5d6bdfe9acbc22592b389e62d3d86?s=96&d=mm&r=g\",\"contentUrl\":\"https:\/\/secure.gravatar.com\/avatar\/5f4010a4cf4e856baa476e9a6fd317ecf5c5d6bdfe9acbc22592b389e62d3d86?s=96&d=mm&r=g\",\"caption\":\"david.lindstrom\"}}]}<\/script>\n<!-- \/ Yoast SEO plugin. -->","yoast_head_json":{"title":"Pia Piltz ihastui Svenska Teaternin taikaan jo lapsena - Svenska Teatern","description":"Pia Piltz t\u00e4hditt\u00e4\u00e4 Svenska Teaternin koko perheen Matilda-suurmusikaalia. Pia oli unelmiensa ty\u00f6paikalla jo pikkutytt\u00f6n\u00e4 teatterin kansliassa ty\u00f6skennelleen iso\u00e4itins\u00e4 mukana.","robots":{"index":"index","follow":"follow","max-snippet":"max-snippet:-1","max-image-preview":"max-image-preview:large","max-video-preview":"max-video-preview:-1"},"canonical":"https:\/\/svenskateatern.fi\/fi\/pia-piltz-ihastui-svenska-teaternin-taikaan-jo-lapsena\/","og_locale":"fi_FI","og_type":"article","og_title":"Pia Piltz: \"Rooli Miss Honeyna Matildassa on kaikin tavoin unelmarooli \"","og_description":"Pia Piltz t\u00e4hditt\u00e4\u00e4 Svenska Teaternin koko perheen Matilda-suurmusikaalia. Pia oli unelmiensa ty\u00f6paikalla jo pikkutytt\u00f6n\u00e4 teatterin kansliassa ty\u00f6skennelleen iso\u00e4itins\u00e4 mukana.","og_url":"https:\/\/svenskateatern.fi\/fi\/pia-piltz-ihastui-svenska-teaternin-taikaan-jo-lapsena\/","og_site_name":"Svenska Teatern","article_published_time":"2024-11-12T08:29:16+00:00","article_modified_time":"2024-11-12T08:29:18+00:00","og_image":[{"width":1800,"height":1200,"url":"https:\/\/svenskateatern.fi\/wp-content\/uploads\/2024\/11\/Pia-Piltz-01_1800px.jpg","type":"image\/jpeg"}],"author":"david.lindstrom","twitter_card":"summary_large_image","twitter_misc":{"Kirjoittanut":"david.lindstrom","Arvioitu lukuaika":"10 minuuttia"},"schema":{"@context":"https:\/\/schema.org","@graph":[{"@type":"Article","@id":"https:\/\/svenskateatern.fi\/fi\/pia-piltz-ihastui-svenska-teaternin-taikaan-jo-lapsena\/#article","isPartOf":{"@id":"https:\/\/svenskateatern.fi\/fi\/pia-piltz-ihastui-svenska-teaternin-taikaan-jo-lapsena\/"},"author":{"name":"david.lindstrom","@id":"https:\/\/svenskateatern.fi\/fi\/#\/schema\/person\/148514734584b911962a6d2c8e627fef"},"headline":"Pia Piltz ihastui Svenska Teaternin taikaan jo lapsena","datePublished":"2024-11-12T08:29:16+00:00","dateModified":"2024-11-12T08:29:18+00:00","mainEntityOfPage":{"@id":"https:\/\/svenskateatern.fi\/fi\/pia-piltz-ihastui-svenska-teaternin-taikaan-jo-lapsena\/"},"wordCount":757,"image":{"@id":"https:\/\/svenskateatern.fi\/fi\/pia-piltz-ihastui-svenska-teaternin-taikaan-jo-lapsena\/#primaryimage"},"thumbnailUrl":"https:\/\/svenskateatern.fi\/wp-content\/uploads\/2024\/11\/Pia_Piltz_nyhets_ingang.jpg","articleSection":["Uutiset"],"inLanguage":"fi"},{"@type":"WebPage","@id":"https:\/\/svenskateatern.fi\/fi\/pia-piltz-ihastui-svenska-teaternin-taikaan-jo-lapsena\/","url":"https:\/\/svenskateatern.fi\/fi\/pia-piltz-ihastui-svenska-teaternin-taikaan-jo-lapsena\/","name":"Pia Piltz ihastui Svenska Teaternin taikaan jo lapsena - Svenska Teatern","isPartOf":{"@id":"https:\/\/svenskateatern.fi\/fi\/#website"},"primaryImageOfPage":{"@id":"https:\/\/svenskateatern.fi\/fi\/pia-piltz-ihastui-svenska-teaternin-taikaan-jo-lapsena\/#primaryimage"},"image":{"@id":"https:\/\/svenskateatern.fi\/fi\/pia-piltz-ihastui-svenska-teaternin-taikaan-jo-lapsena\/#primaryimage"},"thumbnailUrl":"https:\/\/svenskateatern.fi\/wp-content\/uploads\/2024\/11\/Pia_Piltz_nyhets_ingang.jpg","datePublished":"2024-11-12T08:29:16+00:00","dateModified":"2024-11-12T08:29:18+00:00","author":{"@id":"https:\/\/svenskateatern.fi\/fi\/#\/schema\/person\/148514734584b911962a6d2c8e627fef"},"description":"Pia Piltz t\u00e4hditt\u00e4\u00e4 Svenska Teaternin koko perheen Matilda-suurmusikaalia. Pia oli unelmiensa ty\u00f6paikalla jo pikkutytt\u00f6n\u00e4 teatterin kansliassa ty\u00f6skennelleen iso\u00e4itins\u00e4 mukana.","breadcrumb":{"@id":"https:\/\/svenskateatern.fi\/fi\/pia-piltz-ihastui-svenska-teaternin-taikaan-jo-lapsena\/#breadcrumb"},"inLanguage":"fi","potentialAction":[{"@type":"ReadAction","target":["https:\/\/svenskateatern.fi\/fi\/pia-piltz-ihastui-svenska-teaternin-taikaan-jo-lapsena\/"]}]},{"@type":"ImageObject","inLanguage":"fi","@id":"https:\/\/svenskateatern.fi\/fi\/pia-piltz-ihastui-svenska-teaternin-taikaan-jo-lapsena\/#primaryimage","url":"https:\/\/svenskateatern.fi\/wp-content\/uploads\/2024\/11\/Pia_Piltz_nyhets_ingang.jpg","contentUrl":"https:\/\/svenskateatern.fi\/wp-content\/uploads\/2024\/11\/Pia_Piltz_nyhets_ingang.jpg","width":1200,"height":850},{"@type":"BreadcrumbList","@id":"https:\/\/svenskateatern.fi\/fi\/pia-piltz-ihastui-svenska-teaternin-taikaan-jo-lapsena\/#breadcrumb","itemListElement":[{"@type":"ListItem","position":1,"name":"Etusivu","item":"https:\/\/svenskateatern.fi\/fi\/"},{"@type":"ListItem","position":2,"name":"Pia Piltz ihastui Svenska Teaternin taikaan jo lapsena"}]},{"@type":"WebSite","@id":"https:\/\/svenskateatern.fi\/fi\/#website","url":"https:\/\/svenskateatern.fi\/fi\/","name":"Svenska Teatern","description":"","potentialAction":[{"@type":"SearchAction","target":{"@type":"EntryPoint","urlTemplate":"https:\/\/svenskateatern.fi\/fi\/?s={search_term_string}"},"query-input":{"@type":"PropertyValueSpecification","valueRequired":true,"valueName":"search_term_string"}}],"inLanguage":"fi"},{"@type":"Person","@id":"https:\/\/svenskateatern.fi\/fi\/#\/schema\/person\/148514734584b911962a6d2c8e627fef","name":"david.lindstrom","image":{"@type":"ImageObject","inLanguage":"fi","@id":"https:\/\/svenskateatern.fi\/fi\/#\/schema\/person\/image\/","url":"https:\/\/secure.gravatar.com\/avatar\/5f4010a4cf4e856baa476e9a6fd317ecf5c5d6bdfe9acbc22592b389e62d3d86?s=96&d=mm&r=g","contentUrl":"https:\/\/secure.gravatar.com\/avatar\/5f4010a4cf4e856baa476e9a6fd317ecf5c5d6bdfe9acbc22592b389e62d3d86?s=96&d=mm&r=g","caption":"david.lindstrom"}}]}},"_links":{"self":[{"href":"https:\/\/svenskateatern.fi\/fi\/wp-json\/wp\/v2\/posts\/24962","targetHints":{"allow":["GET"]}}],"collection":[{"href":"https:\/\/svenskateatern.fi\/fi\/wp-json\/wp\/v2\/posts"}],"about":[{"href":"https:\/\/svenskateatern.fi\/fi\/wp-json\/wp\/v2\/types\/post"}],"author":[{"embeddable":true,"href":"https:\/\/svenskateatern.fi\/fi\/wp-json\/wp\/v2\/users\/12"}],"replies":[{"embeddable":true,"href":"https:\/\/svenskateatern.fi\/fi\/wp-json\/wp\/v2\/comments?post=24962"}],"version-history":[{"count":4,"href":"https:\/\/svenskateatern.fi\/fi\/wp-json\/wp\/v2\/posts\/24962\/revisions"}],"predecessor-version":[{"id":25060,"href":"https:\/\/svenskateatern.fi\/fi\/wp-json\/wp\/v2\/posts\/24962\/revisions\/25060"}],"wp:featuredmedia":[{"embeddable":true,"href":"https:\/\/svenskateatern.fi\/fi\/wp-json\/wp\/v2\/media\/24739"}],"wp:attachment":[{"href":"https:\/\/svenskateatern.fi\/fi\/wp-json\/wp\/v2\/media?parent=24962"}],"wp:term":[{"taxonomy":"category","embeddable":true,"href":"https:\/\/svenskateatern.fi\/fi\/wp-json\/wp\/v2\/categories?post=24962"},{"taxonomy":"post_tag","embeddable":true,"href":"https:\/\/svenskateatern.fi\/fi\/wp-json\/wp\/v2\/tags?post=24962"}],"curies":[{"name":"wp","href":"https:\/\/api.w.org\/{rel}","templated":true}]}}